{"id":125503,"date":"2026-04-21T01:30:14","date_gmt":"2026-04-21T05:30:14","guid":{"rendered":"https:\/\/www.lebouquet.com\/blog\/mothers-day-flower-gift-guide-how-to-choose-the-ideal-bouquet\/"},"modified":"2026-04-22T03:03:52","modified_gmt":"2026-04-22T07:03:52","slug":"guide-cadeau-de-fleurs-pour-la-fete-des-meres-comment-choisir-le-bouquet-parfait","status":"publish","type":"post","link":"https:\/\/lebouquet.brstdev.com\/fr\/blog\/guide-cadeau-de-fleurs-pour-la-fete-des-meres-comment-choisir-le-bouquet-parfait\/","title":{"rendered":"Guide des fleurs pour la F\u00eate des M\u00e8res : comment choisir le bouquet id\u00e9al"},"content":{"rendered":"\t\t<div data-elementor-type=\"wp-post\" data-elementor-id=\"125503\" class=\"elementor elementor-125503 elementor-125425\">\n\t\t\t\t\t\t<section class=\"elementor-section elementor-top-section elementor-element elementor-element-9f8d6f9 elementor-section-boxed elementor-section-height-default elementor-section-height-default\" data-id=\"9f8d6f9\" data-element_type=\"section\" data-e-type=\"section\">\n\t\t\t\t\t\t<div class=\"elementor-container elementor-column-gap-default\">\n\t\t\t\t\t<div class=\"elementor-column elementor-col-100 elementor-top-column elementor-element elementor-element-6f53403\" data-id=\"6f53403\" data-element_type=\"column\" data-e-type=\"column\">\n\t\t\t<div class=\"elementor-widget-wrap elementor-element-populated\">\n\t\t\t\t\t\t<div class=\"elementor-element elementor-element-d14227d elementor-widget elementor-widget-image\" data-id=\"d14227d\" data-element_type=\"widget\" data-e-type=\"widget\" data-widget_type=\"image.default\">\n\t\t\t\t<div class=\"elementor-widget-container\">\n\t\t\t\t\t\t\t\t\t\t\t\t\t\t\t<img loading=\"lazy\" decoding=\"async\" width=\"1760\" height=\"608\" src=\"https:\/\/lebouquet.brstdev.com\/wp-content\/uploads\/2026\/04\/guide-des-fleurs-pour-la-Fete-des-Meres.webp\" class=\"attachment-full size-full wp-image-125511\" alt=\"guide des fleurs pour la F\u00eate des M\u00e8res\" srcset=\"https:\/\/lebouquet.brstdev.com\/wp-content\/uploads\/2026\/04\/guide-des-fleurs-pour-la-Fete-des-Meres.webp 1760w, https:\/\/lebouquet.brstdev.com\/wp-content\/uploads\/2026\/04\/guide-des-fleurs-pour-la-Fete-des-Meres-600x207.webp 600w, https:\/\/lebouquet.brstdev.com\/wp-content\/uploads\/2026\/04\/guide-des-fleurs-pour-la-Fete-des-Meres-1024x354.webp 1024w, https:\/\/lebouquet.brstdev.com\/wp-content\/uploads\/2026\/04\/guide-des-fleurs-pour-la-Fete-des-Meres-768x265.webp 768w, https:\/\/lebouquet.brstdev.com\/wp-content\/uploads\/2026\/04\/guide-des-fleurs-pour-la-Fete-des-Meres-1536x531.webp 1536w, https:\/\/lebouquet.brstdev.com\/wp-content\/uploads\/2026\/04\/guide-des-fleurs-pour-la-Fete-des-Meres-300x104.webp 300w\" sizes=\"auto, (max-width: 1760px) 100vw, 1760px\" \/>\t\t\t\t\t\t\t\t\t\t\t\t\t\t\t<\/div>\n\t\t\t\t<\/div>\n\t\t\t\t\t<\/div>\n\t\t<\/div>\n\t\t\t\t\t<\/div>\n\t\t<\/section>\n\t\t\t\t<section class=\"elementor-section elementor-top-section elementor-element elementor-element-45e21661 elementor-section-boxed elementor-section-height-default elementor-section-height-default\" data-id=\"45e21661\" data-element_type=\"section\" data-e-type=\"section\">\n\t\t\t\t\t\t<div class=\"elementor-container elementor-column-gap-default\">\n\t\t\t\t\t<div class=\"elementor-column elementor-col-100 elementor-top-column elementor-element elementor-element-512ad0c\" data-id=\"512ad0c\" data-element_type=\"column\" data-e-type=\"column\">\n\t\t\t<div class=\"elementor-widget-wrap elementor-element-populated\">\n\t\t\t\t\t\t<div class=\"elementor-element elementor-element-6a9d5c13 elementor-widget elementor-widget-text-editor\" data-id=\"6a9d5c13\" data-element_type=\"widget\" data-e-type=\"widget\" data-widget_type=\"text-editor.default\">\n\t\t\t\t<div class=\"elementor-widget-container\">\n\t\t\t\t\t\t\t\t\t<h1>Guide des fleurs pour la F\u00eate des M\u00e8res : comment choisir le bouquet id\u00e9al<\/h1><p><span style=\"font-weight: 400;\">Certaines ann\u00e9es, choisir un cadeau pour la F\u00eate des M\u00e8res est simple. D\u2019autres ann\u00e9es, vous faites d\u00e9filer bouquet apr\u00e8s bouquet en vous disant : \u00ab Ils sont tous beaux, mais lequel lui ressemble vraiment? \u00bb<\/span><\/p><p><span style=\"font-weight: 400;\">Les fleurs restent un grand classique pour la F\u00eate des M\u00e8res parce qu\u2019elles illuminent une pi\u00e8ce, portent une signification et font instantan\u00e9ment sentir \u00e0 quelqu\u2019un qu\u2019il ou elle est appr\u00e9ci\u00e9(e).<\/span><span style=\"font-weight: 400;\"><br \/><\/span><span style=\"font-weight: 400;\">Le secret, c\u2019est de choisir des fleurs qui correspondent \u00e0 sa personnalit\u00e9, \u00e0 votre relation et au message que vous voulez transmettre.<\/span><\/p><p><span style=\"font-weight: 400;\">Ce guide vous pr\u00e9sente les fleurs les plus significatives pour la F\u00eate des M\u00e8res, comment trouver un bouquet qui refl\u00e8te son style et les points \u00e0 garder en t\u00eate au moment de commander, surtout si vous passez par un fleuriste local \u00e0 Montr\u00e9al et dans les environs, comme Le Bouquet.<\/span><\/p><h2>Pourquoi les fleurs comptent encore pour la F\u00eate des M\u00e8res<\/h2><p>La F\u00eate des M\u00e8res est li\u00e9e aux fleurs depuis ses d\u00e9buts. Lorsque Anna Jarvis a organis\u00e9 l\u2019une des premi\u00e8res c\u00e9l\u00e9brations officielles de la F\u00eate des M\u00e8res en 1908, elle a distribu\u00e9 des \u0153illets blancs \u00e0 la m\u00e9moire de sa m\u00e8re d\u00e9c\u00e9d\u00e9e.<br \/>Depuis, les bouquets sont devenus le langage que beaucoup d\u2019entre nous utilisent pour dire \u00ab merci \u00bb, \u00ab je te vois \u00bb et \u00ab je t\u2019aime \u00bb aux m\u00e8res et figures maternelles de nos vies.<\/p><p>Aujourd\u2019hui encore, les fleuristes partout dans le monde consid\u00e8rent la F\u00eate des M\u00e8res comme leur semaine la plus occup\u00e9e de l\u2019ann\u00e9e, souvent m\u00eame plus charg\u00e9e que la Saint\u2011Valentin.<br \/>Rien que \u00e7a montre \u00e0 quel point les gens associent fortement cette journ\u00e9e aux fleurs.<\/p><h2><b>Fleurs populaires pour la F\u00eate des M\u00e8res et leur signification<\/b><\/h2><p>Vous n\u2019avez pas besoin de retenir tous les symboles, mais conna\u00eetre quelques fleurs cl\u00e9s vous aide \u00e0 choisir quelque chose qui a l\u2019air intentionnel plut\u00f4t qu\u2019au hasard.<\/p><h3>\u0152illets : la fleur originale de la F\u00eate des M\u00e8res<\/h3><p><img loading=\"lazy\" decoding=\"async\" class=\"wp-image-125614 alignleft\" src=\"https:\/\/www.lebouquet.com\/wp-content\/uploads\/2024\/08\/ED8-P-AS-Abundant-Carnations-Holding-1200x1200-1-600x600.jpg\" alt=\"Abundant Carnations-Holding\" width=\"210\" height=\"210\" srcset=\"https:\/\/lebouquet.brstdev.com\/wp-content\/uploads\/2024\/08\/ED8-P-AS-Abundant-Carnations-Holding-1200x1200-1-600x600.jpg 600w, https:\/\/lebouquet.brstdev.com\/wp-content\/uploads\/2024\/08\/ED8-P-AS-Abundant-Carnations-Holding-1200x1200-1-150x150.jpg 150w, https:\/\/lebouquet.brstdev.com\/wp-content\/uploads\/2024\/08\/ED8-P-AS-Abundant-Carnations-Holding-1200x1200-1-100x100.jpg 100w, https:\/\/lebouquet.brstdev.com\/wp-content\/uploads\/2024\/08\/ED8-P-AS-Abundant-Carnations-Holding-1200x1200-1-300x300.jpg 300w, https:\/\/lebouquet.brstdev.com\/wp-content\/uploads\/2024\/08\/ED8-P-AS-Abundant-Carnations-Holding-1200x1200-1-1024x1024.jpg 1024w, https:\/\/lebouquet.brstdev.com\/wp-content\/uploads\/2024\/08\/ED8-P-AS-Abundant-Carnations-Holding-1200x1200-1-768x768.jpg 768w, https:\/\/lebouquet.brstdev.com\/wp-content\/uploads\/2024\/08\/ED8-P-AS-Abundant-Carnations-Holding-1200x1200-1.jpg 1200w\" sizes=\"auto, (max-width: 210px) 100vw, 210px\" \/><\/p><p><span style=\"font-weight: 400;\">Les \u0153illets sont largement consid\u00e9r\u00e9s comme la fleur \u00ab officielle \u00bb de la F\u00eate des M\u00e8res.<\/span><\/p><ul><li style=\"list-style-type: none;\"><ul><li style=\"font-weight: 400;\" aria-level=\"1\"><b><a href=\"https:\/\/fleursenvracmtl.com\/fr\/oeillets-roses\/\" target=\"_blank\" rel=\"noopener\">\u0152illets roses<\/a> :<\/b><span style=\"font-weight: 400;\"> amour maternel, gratitude, appr\u00e9ciation.<\/span><\/li><li style=\"font-weight: 400;\" aria-level=\"1\"><b><a href=\"https:\/\/fleursenvracmtl.com\/fr\/oeillets-rouges\/\" target=\"_blank\" rel=\"noopener\">\u0152illets rouges<\/a> :<\/b><span style=\"font-weight: 400;\"> admiration et affection pour une m\u00e8re qui est toujours parmi nous.<\/span><\/li><li style=\"font-weight: 400;\" aria-level=\"1\"><b><a href=\"https:\/\/fleursenvracmtl.com\/fr\/oeillets-blancs\/\" target=\"_blank\" rel=\"noopener\">\u0152illets blancs<\/a> :<\/b><span style=\"font-weight: 400;\"> souvenir d\u2019une m\u00e8re disparue.<\/span><\/li><\/ul><\/li><\/ul><p><span style=\"font-weight: 400;\">Ils ont aussi une tr\u00e8s bonne tenue en vase, ce que beaucoup de mamans appr\u00e9cient.<\/span><\/p><h3>Roses : amour et reconnaissance, en plusieurs nuances<\/h3><p><img loading=\"lazy\" decoding=\"async\" class=\"wp-image-101677 alignleft\" src=\"https:\/\/www.lebouquet.com\/wp-content\/uploads\/2024\/12\/RLBB-18-PB-VAS-Playa-Blanca-Roses-2-Compressed-600x600.jpg\" alt=\"Playa Bianca Roses\" width=\"214\" height=\"214\" srcset=\"https:\/\/lebouquet.brstdev.com\/wp-content\/uploads\/2024\/12\/RLBB-18-PB-VAS-Playa-Blanca-Roses-2-Compressed-600x600.jpg 600w, https:\/\/lebouquet.brstdev.com\/wp-content\/uploads\/2024\/12\/RLBB-18-PB-VAS-Playa-Blanca-Roses-2-Compressed-1024x1024.jpg 1024w, https:\/\/lebouquet.brstdev.com\/wp-content\/uploads\/2024\/12\/RLBB-18-PB-VAS-Playa-Blanca-Roses-2-Compressed-300x300.jpg 300w, https:\/\/lebouquet.brstdev.com\/wp-content\/uploads\/2024\/12\/RLBB-18-PB-VAS-Playa-Blanca-Roses-2-Compressed-768x768.jpg 768w, https:\/\/lebouquet.brstdev.com\/wp-content\/uploads\/2024\/12\/RLBB-18-PB-VAS-Playa-Blanca-Roses-2-Compressed-150x150.jpg 150w, https:\/\/lebouquet.brstdev.com\/wp-content\/uploads\/2024\/12\/RLBB-18-PB-VAS-Playa-Blanca-Roses-2-Compressed-100x100.jpg 100w, https:\/\/lebouquet.brstdev.com\/wp-content\/uploads\/2024\/12\/RLBB-18-PB-VAS-Playa-Blanca-Roses-2-Compressed.jpg 1200w\" sizes=\"auto, (max-width: 214px) 100vw, 214px\" \/><\/p><p><span style=\"font-weight: 400;\">Les roses ne sont pas r\u00e9serv\u00e9es aux occasions romantiques; elles font partie des fleurs les plus populaires pour la F\u00eate des M\u00e8res.<\/span><\/p><ul><li style=\"list-style-type: none;\"><ul><li style=\"font-weight: 400;\" aria-level=\"1\"><b><a href=\"https:\/\/www.lebouquet.com\/fr\/roses-pink-mondial-60cm-en-vrac\/\" target=\"_blank\" rel=\"noopener\">Roses roses<\/a> :<\/b><span style=\"font-weight: 400;\"> le grand classique de la F\u00eate des M\u00e8res. Gratitude, admiration et amour.<\/span><\/li><li style=\"font-weight: 400;\" aria-level=\"1\"><b><a href=\"https:\/\/www.lebouquet.com\/fr\/roses-blanches\/\" target=\"_blank\" rel=\"noopener\">Roses blanches<\/a> :<\/b><span style=\"font-weight: 400;\"> puret\u00e9, innocence et amour inconditionnel.<\/span><\/li><li style=\"font-weight: 400;\" aria-level=\"1\"><b><a href=\"https:\/\/www.lebouquet.com\/fr\/roses-brighton-50cm-en-vrac\/\" target=\"_blank\" rel=\"noopener\">Roses jaunes<\/a> :<\/b><span style=\"font-weight: 400;\"> joie et chaleureuse amiti\u00e9, parfaites si votre m\u00e8re est aussi votre meilleure amie.<\/span><\/li><\/ul><\/li><\/ul><p><span style=\"font-weight: 400;\">Un bouquet qui m\u00e9lange diff\u00e9rentes couleurs de roses, ou qui combine des roses avec des fleurs de printemps de saison, donne un r\u00e9sultat \u00e0 la fois \u00e9l\u00e9gant et tr\u00e8s personnel.<\/span><\/p><h3><b>Tulipes : une affection douce et printani\u00e8re<\/b><\/h3><p><img loading=\"lazy\" decoding=\"async\" class=\"wp-image-103111 alignleft\" src=\"https:\/\/www.lebouquet.com\/wp-content\/uploads\/2025\/02\/PTU-Parrot-Tulips-1200-x-1200-600x600.jpg\" alt=\"\" width=\"227\" height=\"227\" srcset=\"https:\/\/lebouquet.brstdev.com\/wp-content\/uploads\/2025\/02\/PTU-Parrot-Tulips-1200-x-1200-600x600.jpg 600w, https:\/\/lebouquet.brstdev.com\/wp-content\/uploads\/2025\/02\/PTU-Parrot-Tulips-1200-x-1200-1024x1024.jpg 1024w, https:\/\/lebouquet.brstdev.com\/wp-content\/uploads\/2025\/02\/PTU-Parrot-Tulips-1200-x-1200-300x300.jpg 300w, https:\/\/lebouquet.brstdev.com\/wp-content\/uploads\/2025\/02\/PTU-Parrot-Tulips-1200-x-1200-768x768.jpg 768w, https:\/\/lebouquet.brstdev.com\/wp-content\/uploads\/2025\/02\/PTU-Parrot-Tulips-1200-x-1200-150x150.jpg 150w, https:\/\/lebouquet.brstdev.com\/wp-content\/uploads\/2025\/02\/PTU-Parrot-Tulips-1200-x-1200-100x100.jpg 100w, https:\/\/lebouquet.brstdev.com\/wp-content\/uploads\/2025\/02\/PTU-Parrot-Tulips-1200-x-1200.jpg 1200w\" sizes=\"auto, (max-width: 227px) 100vw, 227px\" \/><\/p><p><span style=\"font-weight: 400;\">Les tulipes sont une option douce, fra\u00eeche et printani\u00e8re que beaucoup de mamans adorent.<\/span><\/p><ul><li style=\"list-style-type: none;\"><ul><li style=\"font-weight: 400;\" aria-level=\"1\"><b><a href=\"https:\/\/www.lebouquet.com\/fr\/tulipes-uniques-memphis\/\" target=\"_blank\" rel=\"noopener\">Tulipes roses<\/a> :<\/b><span style=\"font-weight: 400;\"> appr\u00e9ciation, gratitude et lien rapproch\u00e9.<\/span><\/li><li style=\"font-weight: 400;\" aria-level=\"1\"><b><a href=\"https:\/\/www.lebouquet.com\/fr\/tulipe-unique-antarctica-flame\/\" target=\"_blank\" rel=\"noopener\">Tulipes jaunes<\/a> :<\/b><span style=\"font-weight: 400;\"> bonheur, soleil et espoir.<\/span><\/li><li style=\"font-weight: 400;\" aria-level=\"1\"><b><a href=\"https:\/\/www.lebouquet.com\/fr\/tulipe-unique-curry\/\" target=\"_blank\" rel=\"noopener\">Tulipes rouges<\/a> :<\/b><span style=\"font-weight: 400;\"> amour plus profond et admiration.<\/span><\/li><\/ul><\/li><\/ul><p><span style=\"font-weight: 400;\">Elles sont id\u00e9ales si vous voulez quelque chose d\u2019un peu plus d\u00e9contract\u00e9 et moderne que les roses, mais tout aussi attentionn\u00e9.<\/span><\/p><h3><b>Lys : d\u00e9vouement, respect et \u00e9l\u00e9gance<\/b><\/h3><p><img loading=\"lazy\" decoding=\"async\" class=\"wp-image-90621 alignleft\" src=\"https:\/\/www.lebouquet.com\/wp-content\/uploads\/2024\/04\/CUT15-Graceful-Oriental-Lily-Bouquet-side-600x600.jpg\" alt=\"Oriental White Lillies Le Bouquet Montreal\" width=\"228\" height=\"228\" srcset=\"https:\/\/lebouquet.brstdev.com\/wp-content\/uploads\/2024\/04\/CUT15-Graceful-Oriental-Lily-Bouquet-side-600x600.jpg 600w, https:\/\/lebouquet.brstdev.com\/wp-content\/uploads\/2024\/04\/CUT15-Graceful-Oriental-Lily-Bouquet-side-150x150.jpg 150w, https:\/\/lebouquet.brstdev.com\/wp-content\/uploads\/2024\/04\/CUT15-Graceful-Oriental-Lily-Bouquet-side-100x100.jpg 100w, https:\/\/lebouquet.brstdev.com\/wp-content\/uploads\/2024\/04\/CUT15-Graceful-Oriental-Lily-Bouquet-side-300x300.jpg 300w, https:\/\/lebouquet.brstdev.com\/wp-content\/uploads\/2024\/04\/CUT15-Graceful-Oriental-Lily-Bouquet-side-1024x1024.jpg 1024w, https:\/\/lebouquet.brstdev.com\/wp-content\/uploads\/2024\/04\/CUT15-Graceful-Oriental-Lily-Bouquet-side-768x768.jpg 768w, https:\/\/lebouquet.brstdev.com\/wp-content\/uploads\/2024\/04\/CUT15-Graceful-Oriental-Lily-Bouquet-side.jpg 1200w\" sizes=\"auto, (max-width: 228px) 100vw, 228px\" \/><\/p><p><span style=\"font-weight: 400;\"><br \/>Les lys sont souvent associ\u00e9s \u00e0 la maternit\u00e9, \u00e0 la puret\u00e9 et \u00e0 l\u2019admiration.<\/span><\/p><ul><li style=\"list-style-type: none;\"><ul><li style=\"font-weight: 400;\" aria-level=\"1\"><b><a href=\"https:\/\/www.lebouquet.com\/fr\/classic-callas-arums-blancs\/\" target=\"_blank\" rel=\"noopener\">Lys blancs<\/a> :<\/b><span style=\"font-weight: 400;\"> d\u00e9vouement, respect et amour calme et serein.<\/span><\/li><li style=\"font-weight: 400;\" aria-level=\"1\"><b><a href=\"https:\/\/fleursenvracmtl.com\/fr\/oriental-sorbonne-lys\/\" target=\"_blank\" rel=\"noopener\">Lys color\u00e9s (rose, p\u00eache, etc.)<\/a> :<\/b><span style=\"font-weight: 400;\"> chaleur, affection et beaut\u00e9.<\/span><\/li><\/ul><\/li><\/ul><p><span style=\"font-weight: 400;\">Les lys ont un impact visuel important, mais peuvent \u00eatre tr\u00e8s parfum\u00e9s; ils conviennent donc mieux aux mamans qui aiment les senteurs prononc\u00e9es.<\/span><\/p><h3><b>Pivoines : un \u00ab merci \u00bb g\u00e9n\u00e9reux et reconnaissant<\/b><\/h3><h3 style=\"text-align: left;\"><b><img loading=\"lazy\" decoding=\"async\" class=\"wp-image-93507 alignleft\" src=\"https:\/\/www.lebouquet.com\/wp-content\/uploads\/2024\/07\/Peonies-Social-5-600x600.jpg\" alt=\"\" width=\"230\" height=\"230\" srcset=\"https:\/\/lebouquet.brstdev.com\/wp-content\/uploads\/2024\/07\/Peonies-Social-5-600x600.jpg 600w, https:\/\/lebouquet.brstdev.com\/wp-content\/uploads\/2024\/07\/Peonies-Social-5-scaled-150x150.jpg 150w, https:\/\/lebouquet.brstdev.com\/wp-content\/uploads\/2024\/07\/Peonies-Social-5-scaled-100x100.jpg 100w, https:\/\/lebouquet.brstdev.com\/wp-content\/uploads\/2024\/07\/Peonies-Social-5-300x300.jpg 300w, https:\/\/lebouquet.brstdev.com\/wp-content\/uploads\/2024\/07\/Peonies-Social-5-1024x1024.jpg 1024w, https:\/\/lebouquet.brstdev.com\/wp-content\/uploads\/2024\/07\/Peonies-Social-5-768x768.jpg 768w, https:\/\/lebouquet.brstdev.com\/wp-content\/uploads\/2024\/07\/Peonies-Social-5-1536x1536.jpg 1536w, https:\/\/lebouquet.brstdev.com\/wp-content\/uploads\/2024\/07\/Peonies-Social-5-2048x2048.jpg 2048w\" sizes=\"auto, (max-width: 230px) 100vw, 230px\" \/><\/b><\/h3><p><span style=\"font-weight: 400;\">Les pivoines sont souvent surnomm\u00e9es les \u00ab reines des fleurs \u00bb et font partie des favorites de la F\u00eate des M\u00e8res lorsqu\u2019elles sont de saison.<\/span><\/p><ul><li style=\"list-style-type: none;\"><ul><li style=\"font-weight: 400;\" aria-level=\"1\"><b>Pivoines roses :<\/b><span style=\"font-weight: 400;\"> \u00ab Tu es ma bonne \u00e9toile \u00bb &#8211; gratitude, admiration et amour.<\/span><\/li><li style=\"font-weight: 400;\" aria-level=\"1\"><b>Tons corail et saumon :<\/b><span style=\"font-weight: 400;\"> appr\u00e9ciation, amiti\u00e9 et joie.<\/span><\/li><\/ul><\/li><\/ul><p><span style=\"font-weight: 400;\">Elles sont parfaites si votre m\u00e8re aime les fleurs romantiques, tr\u00e8s fournies, et si vous \u00eates \u00e0 l\u2019aise avec un style un peu plus luxueux.<\/span><\/p><h3><b>Orchid\u00e9es : force, gr\u00e2ce et long\u00e9vit\u00e9<\/b><\/h3><p><img loading=\"lazy\" decoding=\"async\" class=\"wp-image-124413 alignleft\" src=\"https:\/\/www.lebouquet.com\/wp-content\/uploads\/2026\/03\/Assorted-Orchids-category-1200-300x300-1.jpg\" alt=\"\" width=\"224\" height=\"224\" srcset=\"https:\/\/lebouquet.brstdev.com\/wp-content\/uploads\/2026\/03\/Assorted-Orchids-category-1200-300x300-1.jpg 300w, https:\/\/lebouquet.brstdev.com\/wp-content\/uploads\/2026\/03\/Assorted-Orchids-category-1200-300x300-1-150x150.jpg 150w, https:\/\/lebouquet.brstdev.com\/wp-content\/uploads\/2026\/03\/Assorted-Orchids-category-1200-300x300-1-100x100.jpg 100w\" sizes=\"auto, (max-width: 224px) 100vw, 224px\" \/><\/p><p><span style=\"font-weight: 400;\"><br \/>Les orchid\u00e9es, surtout les phalaenopsis en pot, sont id\u00e9ales pour les mamans qui pr\u00e9f\u00e8rent quelque chose qui dure plus longtemps qu\u2019un bouquet coup\u00e9.<\/span><\/p><p><span style=\"font-weight: 400;\">Elles symbolisent la beaut\u00e9, la force int\u00e9rieure et l\u2019\u00e9l\u00e9gance raffin\u00e9e.<\/span><span style=\"font-weight: 400;\"><br \/><\/span><span style=\"font-weight: 400;\">Une seule orchid\u00e9e sur un rebord de fen\u00eatre ou un bureau peut doucement dire : \u00ab Je reconnais ta force et ta gr\u00e2ce. \u00bb<\/span><\/p><h2>Comment accorder le bouquet \u00e0 sa personnalit\u00e9<\/h2><p><span style=\"font-weight: 400;\">Au lieu de se demander \u00ab Qu\u2019est\u2011ce qui est tendance cette ann\u00e9e? \u00bb, il est plus utile de se demander \u00ab Comment est\u2011elle, elle? \u00bb<\/span><span style=\"font-weight: 400;\"><br \/><\/span><span style=\"font-weight: 400;\">De plus en plus de guides pour la F\u00eate des M\u00e8res recommandent de choisir les fleurs en fonction de la personnalit\u00e9.<\/span><\/p><p><span style=\"font-weight: 400;\">Voici quelques points de d\u00e9part :<\/span><\/p><p><b>1. Classique et traditionnelle<\/b><\/p><ul><li style=\"list-style-type: none;\"><ul><li style=\"list-style-type: none;\"><ul><li><strong>Fleurs :<\/strong> \u0153illets roses, roses, lys.<\/li><li><strong>Style :<\/strong> arrangements ronds et g\u00e9n\u00e9reux dans un vase transparent.<\/li><li><strong>Message :<\/strong> remerciement intemporel, sinc\u00e8re et rempli de c\u0153ur.<\/li><\/ul><\/li><\/ul><\/li><\/ul><p><b>2. Moderne et minimaliste<br \/><\/b><\/p><ul><li style=\"list-style-type: none;\"><ul><li style=\"list-style-type: none;\"><ul><li style=\"list-style-type: none;\"><ul><li style=\"font-weight: 400;\" aria-level=\"2\"><b>Fleurs<\/b><span style=\"font-weight: 400;\"> : orchid\u00e9es, callas, ou bouquet monochrome de roses.<\/span><\/li><li style=\"font-weight: 400;\" aria-level=\"2\"><b>Style<\/b><span style=\"font-weight: 400;\"> : lignes \u00e9pur\u00e9es, une ou deux couleurs, rien de trop froufrou.<\/span><\/li><li style=\"font-weight: 400;\" aria-level=\"2\"><b>Message<\/b><span style=\"font-weight: 400;\"> : \u00e9l\u00e9gant, calme, ax\u00e9 sur le design.<\/span><\/li><\/ul><\/li><\/ul><\/li><\/ul><\/li><\/ul><p><b>3. Vive et pleine d\u2019\u00e9nergie<\/b><\/p><ul><li style=\"list-style-type: none;\"><ul><li style=\"list-style-type: none;\"><ul><li style=\"list-style-type: none;\"><ul><li><b>Fleurs<\/b><span style=\"font-weight: 400;\"> : gerberas, tournesols, roses aux tons vifs, tulipes color\u00e9es.<\/span><\/li><li><b>Style<\/b><span style=\"font-weight: 400;\"> : couleurs \u00e9clatantes, formes ludiques.<\/span><\/li><li><b>Message<\/b><span style=\"font-weight: 400;\"> : joie, optimisme et grande personnalit\u00e9.<\/span><\/li><\/ul><\/li><\/ul><\/li><\/ul><\/li><\/ul><p><b>4. Douce et bienveillante<\/b><\/p><ul><li style=\"list-style-type: none;\"><ul><li style=\"list-style-type: none;\"><ul><li style=\"list-style-type: none;\"><ul><li><b>Fleurs<\/b><span style=\"font-weight: 400;\"> : pivoines, lisianthus, roses douces, hydrang\u00e9es.<\/span><\/li><li><b>Style<\/b><span style=\"font-weight: 400;\"> : esprit jardin, beaucoup de douceur et de texture.<\/span><\/li><li><b>Message<\/b><span style=\"font-weight: 400;\"> : chaleur, r\u00e9confort et proximit\u00e9 \u00e9motionnelle.<\/span><\/li><\/ul><\/li><\/ul><\/li><\/ul><\/li><\/ul><p><span style=\"font-weight: 400;\">Si vous commandez chez un fleuriste local \u00e0 Montr\u00e9al comme <\/span><a href=\"https:\/\/www.lebouquet.com\/fr\/\" target=\"_blank\" rel=\"noopener\"><span style=\"font-weight: 400;\">Le Bouquet<\/span><\/a><span style=\"font-weight: 400;\">, m\u00eame une petite note du genre \u00ab Elle aime les couleurs vives et les fleurs simples \u00bb ou \u00ab Elle pr\u00e9f\u00e8re quelque chose de sobre et \u00e9l\u00e9gant \u00bb donne d\u00e9j\u00e0 une bonne direction au designer.<\/span><\/p><h2><b>Choisir des couleurs qui lui ressemblent<\/b><\/h2><p><span style=\"font-weight: 400;\">La couleur joue une grande partie du r\u00f4le \u00e9motionnel, m\u00eame si la personne ne conna\u00eet pas le langage des fleurs.<\/span><\/p><p><span style=\"font-weight: 400;\">Les tendances r\u00e9centes pour la F\u00eate des M\u00e8res mettent en avant quelques grandes palettes :<\/span><\/p><ul><li style=\"font-weight: 400;\" aria-level=\"1\"><b>Roses pastel et tons doux<\/b><ul><li style=\"list-style-type: none;\"><ul><li style=\"font-weight: 400;\" aria-level=\"2\"><b>Impression<\/b><span style=\"font-weight: 400;\"> : classique, douce et rassurante.<\/span><\/li><li style=\"font-weight: 400;\" aria-level=\"2\"><b>Id\u00e9al pour<\/b><span style=\"font-weight: 400;\"> : presque toutes les figures maternelles.<\/span><\/li><\/ul><\/li><\/ul><\/li><li style=\"font-weight: 400;\" aria-level=\"1\"><b>Couleurs vives \u00ab coucher de soleil \u00bb (p\u00eache, corail, jaune, magenta)<\/b><ul><li style=\"list-style-type: none;\"><ul><li style=\"font-weight: 400;\" aria-level=\"2\"><b>Impression<\/b><span style=\"font-weight: 400;\"> : amusante, optimiste et moderne.<\/span><\/li><li style=\"font-weight: 400;\" aria-level=\"2\"><b>Id\u00e9al pour<\/b><span style=\"font-weight: 400;\"> : les personnalit\u00e9s extraverties et enjou\u00e9es.<\/span><\/li><\/ul><\/li><\/ul><\/li><li style=\"font-weight: 400;\" aria-level=\"1\"><b>P\u00eache et sauge \/ neutres chaleureux<\/b><ul><li style=\"list-style-type: none;\"><ul><li style=\"font-weight: 400;\" aria-level=\"2\"><b>Impression<\/b><span style=\"font-weight: 400;\"> : contemporain mais doux et accessible.<\/span><\/li><li style=\"font-weight: 400;\" aria-level=\"2\"><b>Id\u00e9al pour<\/b><span style=\"font-weight: 400;\"> : les mamans qui pr\u00e9f\u00e8rent un style discret plut\u00f4t que dramatique.<\/span><\/li><\/ul><\/li><\/ul><\/li><li style=\"font-weight: 400;\" aria-level=\"1\"><b>Blanc avec une couleur accent<\/b><ul><li style=\"list-style-type: none;\"><ul><li style=\"font-weight: 400;\" aria-level=\"2\"><b>Impression<\/b><span style=\"font-weight: 400;\"> : serein, \u00e9pur\u00e9 et un peu plus formel.<\/span><\/li><li style=\"font-weight: 400;\" aria-level=\"2\"><b>Id\u00e9al pour<\/b><span style=\"font-weight: 400;\"> : les go\u00fbts minimalistes ou tr\u00e8s orient\u00e9s design.<\/span><\/li><\/ul><\/li><\/ul><\/li><\/ul><p><span style=\"font-weight: 400;\">Si vous connaissez sa couleur pr\u00e9f\u00e9r\u00e9e, commencez par l\u00e0.<\/span><span style=\"font-weight: 400;\"><br \/><\/span><span style=\"font-weight: 400;\">Sinon, les roses et pastels m\u00e9lang\u00e9s sont un choix tr\u00e8s s\u00fbr qui pla\u00eet \u00e0 la grande majorit\u00e9 des mamans.<\/span><\/p><h2><b>D\u00e9tails pratiques qu\u2019on oublie souvent<\/b><\/h2><p><span style=\"font-weight: 400;\">Au\u2011del\u00e0 de l\u2019apparence, quelques points pratiques peuvent faire en sorte que le bouquet s\u2019int\u00e8gre vraiment \u00e0 son quotidien.<\/span><\/p><h3><b>Parfum et sensibilit\u00e9s<\/b><\/h3><p><span style=\"font-weight: 400;\">Certaines fleurs sont naturellement plus parfum\u00e9es :<\/span><\/p><ul><li style=\"list-style-type: none;\"><ul><li style=\"font-weight: 400;\" aria-level=\"1\"><b>Parfum prononc\u00e9<\/b><span style=\"font-weight: 400;\"> : lys, certaines roses, jacinthes, lilas.<\/span><\/li><li style=\"font-weight: 400;\" aria-level=\"1\"><b>Parfum moyen<\/b><span style=\"font-weight: 400;\"> : pivoines, freesias.<\/span><\/li><li style=\"font-weight: 400;\" aria-level=\"1\"><b>Parfum l\u00e9ger<\/b><span style=\"font-weight: 400;\"> : \u0153illets, beaucoup de roses modernes, tulipes, gerberas.<\/span><\/li><\/ul><\/li><\/ul><p><span style=\"font-weight: 400;\">Si elle est sensible aux parfums ou sujette aux allergies, mentionnez\u2011le au moment de la commande.<\/span><span style=\"font-weight: 400;\"><br \/><\/span><span style=\"font-weight: 400;\">Un fleuriste montr\u00e9alais comme Le Bouquet pourra cr\u00e9er quelque chose de magnifique tout en gardant le parfum sous contr\u00f4le.<\/span><\/p><h3><b>Vase ou bouquet li\u00e9 \u00e0 la main?<\/b><\/h3><p><span style=\"font-weight: 400;\">Pensez \u00e0 l\u2019endroit o\u00f9 les fleurs seront livr\u00e9es :<\/span><\/p><ul><li style=\"list-style-type: none;\"><ul><li style=\"font-weight: 400;\" aria-level=\"1\"><span style=\"font-weight: 400;\">Si elles arrivent \u00e0 la maison et qu\u2019elle a d\u00e9j\u00e0 des vases, un bouquet li\u00e9 qu\u2019elle pourra placer dans son vase pr\u00e9f\u00e9r\u00e9 peut \u00eatre id\u00e9al.<\/span><\/li><li style=\"font-weight: 400;\" aria-level=\"1\"><span style=\"font-weight: 400;\">Si elles sont livr\u00e9es au travail, \u00e0 l\u2019h\u00f4pital ou dans un lieu o\u00f9 les vases se font rares, un arrangement livr\u00e9 directement dans son contenant sera plus pratique.<\/span><\/li><\/ul><\/li><\/ul><h3><b>Combien de temps le bouquet va durer<\/b><\/h3><p><span style=\"font-weight: 400;\">Les fleurs n\u2019ont pas toutes la m\u00eame dur\u00e9e de vie en vase :<\/span><\/p><ul><li style=\"list-style-type: none;\"><ul><li style=\"font-weight: 400;\" aria-level=\"1\"><b>Plus longue dur\u00e9e<\/b><span style=\"font-weight: 400;\"> : \u0153illets, chrysanth\u00e8mes, alstroem\u00e8res, plusieurs types de roses standards.<\/span><\/li><li style=\"font-weight: 400;\" aria-level=\"1\"><b>Plus courte mais spectaculaire<\/b><span style=\"font-weight: 400;\"> : pivoines, lilas, certaines roses de jardin.<\/span><\/li><\/ul><\/li><\/ul><p><span style=\"font-weight: 400;\">Si elle d\u00e9teste jeter des fleurs, misez un peu plus sur les vari\u00e9t\u00e9s robustes ou combinez quelques \u00ab vedettes \u00bb \u00e0 courte dur\u00e9e avec des fleurs de soutien plus durables.<\/span><\/p><h2><b>Commander chez un fleuriste local (Montr\u00e9al et environs)<\/b><\/h2><p><span style=\"font-weight: 400;\">La F\u00eate des M\u00e8res est l\u2019une des p\u00e9riodes les plus occup\u00e9es de l\u2019ann\u00e9e pour les fleuristes.<\/span><span style=\"font-weight: 400;\"><br \/><\/span><span style=\"font-weight: 400;\">Travailler avec un fleuriste local de confiance rend tout le processus plus simple, surtout si vous faites livrer dans une r\u00e9gion pr\u00e9cise.<\/span><\/p><p><span style=\"font-weight: 400;\">Le Bouquet est un fleuriste familial bas\u00e9 \u00e0 Montr\u00e9al qui livre partout dans la ville et dans plusieurs secteurs voisins.<\/span><span style=\"font-weight: 400;\"><br \/><\/span><span style=\"font-weight: 400;\">Commander localement offre plusieurs avantages :<\/span><\/p><ul><li style=\"list-style-type: none;\"><ul><li style=\"font-weight: 400;\" aria-level=\"1\"><span style=\"font-weight: 400;\">Meilleur contr\u00f4le du moment de livraison dans les quartiers de Montr\u00e9al et les communaut\u00e9s environnantes.<\/span><\/li><li style=\"font-weight: 400;\" aria-level=\"1\"><span style=\"font-weight: 400;\">Acc\u00e8s \u00e0 des fleurs plus fra\u00eeches et de saison, choisies sp\u00e9cialement pour les cr\u00e9ations de la semaine.<\/span><\/li><li style=\"font-weight: 400;\" aria-level=\"1\"><span style=\"font-weight: 400;\">Possibilit\u00e9 de laisser des instructions particuli\u00e8res (par exemple code de porte, num\u00e9ro d\u2019interphone, d\u00e9p\u00f4t chez un voisin) qu\u2019une \u00e9quipe locale peut r\u00e9ellement suivre.<\/span><\/li><\/ul><\/li><\/ul><h3><b>Pourquoi commander t\u00f4t fait une diff\u00e9rence<\/b><\/h3><p><span style=\"font-weight: 400;\">Comme la demande est tr\u00e8s \u00e9lev\u00e9e, commander \u00e0 l\u2019avance permet :<\/span><\/p><ul><li style=\"list-style-type: none;\"><ul><li style=\"font-weight: 400;\" aria-level=\"1\"><span style=\"font-weight: 400;\">Un choix plus vaste de designs, de fleurs et de couleurs.<\/span><\/li><li style=\"font-weight: 400;\" aria-level=\"1\"><span style=\"font-weight: 400;\">Une meilleure chance d\u2019obtenir des fleurs pris\u00e9es comme les pivoines avant qu\u2019elles ne soient \u00e9puis\u00e9es.<\/span><\/li><li style=\"font-weight: 400;\" aria-level=\"1\"><span style=\"font-weight: 400;\">Moins de risque que votre commande soit livr\u00e9e tout au bout de la plage horaire.<\/span><\/li><\/ul><\/li><\/ul><p><span style=\"font-weight: 400;\">Les commandes de derni\u00e8re minute ou le jour m\u00eame \u00e0 Montr\u00e9al peuvent quand m\u00eame \u00eatre superbes, mais il faudra \u00eatre plus flexible sur les fleurs et les couleurs exactes.<\/span><span style=\"font-weight: 400;\"><br \/><\/span><span style=\"font-weight: 400;\">Dans ces cas\u2011l\u00e0, choisir une option \u00ab Choix du designer pour la F\u00eate des M\u00e8res \u00bb chez Le Bouquet, en indiquant votre budget et votre palette pr\u00e9f\u00e9r\u00e9e, donne g\u00e9n\u00e9ralement les meilleurs r\u00e9sultats.<\/span><\/p><h2><b>Id\u00e9es rapides de bouquets \u00e0 sugg\u00e9rer \u00e0 votre fleuriste<\/b><\/h2><p><span style=\"font-weight: 400;\">Vous n\u2019\u00eates pas oblig\u00e9 d\u2019utiliser exactement ces noms; ce sont surtout des points de d\u00e9part pour la discussion avec votre fleuriste montr\u00e9alais.<\/span><\/p><h3><a href=\"https:\/\/www.lebouquet.com\/fr\/elegance-de-la-fete-des-meres\/\" target=\"_blank\" rel=\"noopener\"><b>Mother\u2019s Day Elegance<\/b><\/a><\/h3><p><img loading=\"lazy\" decoding=\"async\" class=\"wp-image-125584 aligncenter\" src=\"https:\/\/www.lebouquet.com\/wp-content\/uploads\/2026\/04\/mothers-day-elegance-bouquet-held-by-person-2-600x600.webp\" alt=\"mothers-day-elegance-bouquet-held-by-person\" width=\"280\" height=\"280\" srcset=\"https:\/\/lebouquet.brstdev.com\/wp-content\/uploads\/2026\/04\/mothers-day-elegance-bouquet-held-by-person-2-600x600.webp 600w, https:\/\/lebouquet.brstdev.com\/wp-content\/uploads\/2026\/04\/mothers-day-elegance-bouquet-held-by-person-2-1024x1024.webp 1024w, https:\/\/lebouquet.brstdev.com\/wp-content\/uploads\/2026\/04\/mothers-day-elegance-bouquet-held-by-person-2-300x300.webp 300w, https:\/\/lebouquet.brstdev.com\/wp-content\/uploads\/2026\/04\/mothers-day-elegance-bouquet-held-by-person-2-768x768.webp 768w, https:\/\/lebouquet.brstdev.com\/wp-content\/uploads\/2026\/04\/mothers-day-elegance-bouquet-held-by-person-2-150x150.webp 150w, https:\/\/lebouquet.brstdev.com\/wp-content\/uploads\/2026\/04\/mothers-day-elegance-bouquet-held-by-person-2-100x100.webp 100w, https:\/\/lebouquet.brstdev.com\/wp-content\/uploads\/2026\/04\/mothers-day-elegance-bouquet-held-by-person-2.webp 1200w\" sizes=\"auto, (max-width: 280px) 100vw, 280px\" \/><\/p><ul><li style=\"list-style-type: none;\"><ul><li style=\"font-weight: 400;\" aria-level=\"2\"><span style=\"font-weight: 400;\">Un arrangement raffin\u00e9 qui m\u00e9lange des fleurs de saison dans une palette douce et f\u00e9minine.<\/span><\/li><li style=\"font-weight: 400;\" aria-level=\"2\"><span style=\"font-weight: 400;\">Impression : classique, soign\u00e9, parfait pour les mamans qui appr\u00e9cient une touche de luxe sans que ce soit trop voyant.<\/span><\/li><\/ul><\/li><\/ul><h3><a href=\"https:\/\/www.lebouquet.com\/fr\/romance-delicate\/\" target=\"_blank\" rel=\"noopener\"><b>Soft romantic bouquet<\/b><\/a><\/h3><p><img loading=\"lazy\" decoding=\"async\" class=\" wp-image-125589 aligncenter\" src=\"https:\/\/www.lebouquet.com\/wp-content\/uploads\/2026\/04\/Soft-Romance-spray-rose-arrangement-half-pink-and-white-6-600x600.webp\" alt=\"Soft-Romance-spray-rose-arrangement-half-pink-and-white\" width=\"293\" height=\"293\" srcset=\"https:\/\/lebouquet.brstdev.com\/wp-content\/uploads\/2026\/04\/Soft-Romance-spray-rose-arrangement-half-pink-and-white-6-600x600.webp 600w, https:\/\/lebouquet.brstdev.com\/wp-content\/uploads\/2026\/04\/Soft-Romance-spray-rose-arrangement-half-pink-and-white-6-1024x1024.webp 1024w, https:\/\/lebouquet.brstdev.com\/wp-content\/uploads\/2026\/04\/Soft-Romance-spray-rose-arrangement-half-pink-and-white-6-300x300.webp 300w, https:\/\/lebouquet.brstdev.com\/wp-content\/uploads\/2026\/04\/Soft-Romance-spray-rose-arrangement-half-pink-and-white-6-768x768.webp 768w, https:\/\/lebouquet.brstdev.com\/wp-content\/uploads\/2026\/04\/Soft-Romance-spray-rose-arrangement-half-pink-and-white-6-150x150.webp 150w, https:\/\/lebouquet.brstdev.com\/wp-content\/uploads\/2026\/04\/Soft-Romance-spray-rose-arrangement-half-pink-and-white-6-100x100.webp 100w, https:\/\/lebouquet.brstdev.com\/wp-content\/uploads\/2026\/04\/Soft-Romance-spray-rose-arrangement-half-pink-and-white-6.webp 1200w\" sizes=\"auto, (max-width: 293px) 100vw, 293px\" \/><\/p><ul><li style=\"list-style-type: none;\"><ul><li style=\"list-style-type: none;\"><ul><li style=\"font-weight: 400;\" aria-level=\"2\"><span style=\"font-weight: 400;\">Pivoines roses, roses blush, lisianthus, eucalyptus.<\/span><\/li><li style=\"font-weight: 400;\" aria-level=\"2\"><span style=\"font-weight: 400;\">Impression : luxueux, d\u00e9licat et tr\u00e8s sentimental.<\/span><\/li><\/ul><\/li><\/ul><\/li><\/ul><h3><a href=\"https:\/\/www.lebouquet.com\/fr\/bouquet-roses-chandelle\/\" target=\"_blank\" rel=\"noopener\"><b>Candlelight Roses Embrace<\/b><\/a><\/h3><p><img loading=\"lazy\" decoding=\"async\" class=\" wp-image-90886 aligncenter\" src=\"https:\/\/www.lebouquet.com\/wp-content\/uploads\/2024\/04\/1200x1200_CANDLELIGHT_ROSES_LEB216_CLOSEUP-1-600x600.jpg\" alt=\"LEB216 CANDLELIGHT CLOSEUP-1\" width=\"313\" height=\"313\" srcset=\"https:\/\/lebouquet.brstdev.com\/wp-content\/uploads\/2024\/04\/1200x1200_CANDLELIGHT_ROSES_LEB216_CLOSEUP-1-600x600.jpg 600w, https:\/\/lebouquet.brstdev.com\/wp-content\/uploads\/2024\/04\/1200x1200_CANDLELIGHT_ROSES_LEB216_CLOSEUP-1-150x150.jpg 150w, https:\/\/lebouquet.brstdev.com\/wp-content\/uploads\/2024\/04\/1200x1200_CANDLELIGHT_ROSES_LEB216_CLOSEUP-1-100x100.jpg 100w, https:\/\/lebouquet.brstdev.com\/wp-content\/uploads\/2024\/04\/1200x1200_CANDLELIGHT_ROSES_LEB216_CLOSEUP-1-300x300.jpg 300w, https:\/\/lebouquet.brstdev.com\/wp-content\/uploads\/2024\/04\/1200x1200_CANDLELIGHT_ROSES_LEB216_CLOSEUP-1-1024x1024.jpg 1024w, https:\/\/lebouquet.brstdev.com\/wp-content\/uploads\/2024\/04\/1200x1200_CANDLELIGHT_ROSES_LEB216_CLOSEUP-1-768x768.jpg 768w, https:\/\/lebouquet.brstdev.com\/wp-content\/uploads\/2024\/04\/1200x1200_CANDLELIGHT_ROSES_LEB216_CLOSEUP-1.jpg 1200w\" sizes=\"auto, (max-width: 313px) 100vw, 313px\" \/><\/p><ul><li style=\"list-style-type: none;\"><ul><li style=\"list-style-type: none;\"><ul><li style=\"list-style-type: none;\"><ul><li style=\"font-weight: 400;\" aria-level=\"2\"><span style=\"font-weight: 400;\">Un design ax\u00e9 sur les roses dans des tons chauds et r\u00e9confortants.<\/span><\/li><li style=\"font-weight: 400;\" aria-level=\"2\"><span style=\"font-weight: 400;\">Impression : classique et intime, comme un \u00ab merci \u00bb du fond du c\u0153ur en version florale.<\/span><\/li><\/ul><\/li><\/ul><\/li><\/ul><\/li><\/ul><h3><a href=\"https:\/\/www.lebouquet.com\/fr\/flamant-rose\/\" target=\"_blank\" rel=\"noopener\"><b>Pink Flamingo<\/b><\/a><\/h3><p><img loading=\"lazy\" decoding=\"async\" class=\" wp-image-90438 aligncenter\" src=\"https:\/\/www.lebouquet.com\/wp-content\/uploads\/2024\/04\/LEB269-PInk-Flamingo-main-600x600.jpg\" alt=\"\" width=\"278\" height=\"278\" srcset=\"https:\/\/lebouquet.brstdev.com\/wp-content\/uploads\/2024\/04\/LEB269-PInk-Flamingo-main-600x600.jpg 600w, https:\/\/lebouquet.brstdev.com\/wp-content\/uploads\/2024\/04\/LEB269-PInk-Flamingo-main-150x150.jpg 150w, https:\/\/lebouquet.brstdev.com\/wp-content\/uploads\/2024\/04\/LEB269-PInk-Flamingo-main-100x100.jpg 100w, https:\/\/lebouquet.brstdev.com\/wp-content\/uploads\/2024\/04\/LEB269-PInk-Flamingo-main-300x300.jpg 300w, https:\/\/lebouquet.brstdev.com\/wp-content\/uploads\/2024\/04\/LEB269-PInk-Flamingo-main-1024x1024.jpg 1024w, https:\/\/lebouquet.brstdev.com\/wp-content\/uploads\/2024\/04\/LEB269-PInk-Flamingo-main-768x768.jpg 768w, https:\/\/lebouquet.brstdev.com\/wp-content\/uploads\/2024\/04\/LEB269-PInk-Flamingo-main.jpg 1200w\" sizes=\"auto, (max-width: 278px) 100vw, 278px\" \/><\/p><ul><li style=\"list-style-type: none;\"><ul><li style=\"list-style-type: none;\"><ul><li style=\"list-style-type: none;\"><ul><li style=\"list-style-type: none;\"><ul><li style=\"font-weight: 400;\" aria-level=\"2\"><span style=\"font-weight: 400;\">Un m\u00e9lange moderne et ludique dans des tons de rose, con\u00e7u pour se d\u00e9marquer.<\/span><\/li><li style=\"font-weight: 400;\" aria-level=\"2\"><span style=\"font-weight: 400;\">Impression : amusant, styl\u00e9 et plein de personnalit\u00e9, parfait pour les mamans qui aiment la couleur et un look un peu plus audacieux.<\/span><\/li><\/ul><\/li><\/ul><\/li><\/ul><\/li><\/ul><\/li><\/ul><h3 id=\"field-of-harmony\" class=\"font-editorial font-bold mb-2 mt-4 [.has-inline-images_&amp;]:clear-end text-base first:mt-0\"><a href=\"https:\/\/www.lebouquet.com\/fr\/champ-dharmonie\/\" target=\"_blank\" rel=\"noopener\">Field of Harmony<\/a><\/h3><p><img loading=\"lazy\" decoding=\"async\" class=\" wp-image-123587 aligncenter\" src=\"https:\/\/www.lebouquet.com\/wp-content\/uploads\/2026\/02\/LEB282-Field-of-Harmony-Arranagement-600x600.jpg\" alt=\"Field of Harmony modern floral arrangement with hydrangea base, roses, tulips, gerbera and stock in a clear glass vase.\" width=\"338\" height=\"338\" srcset=\"https:\/\/lebouquet.brstdev.com\/wp-content\/uploads\/2026\/02\/LEB282-Field-of-Harmony-Arranagement-600x600.jpg 600w, https:\/\/lebouquet.brstdev.com\/wp-content\/uploads\/2026\/02\/LEB282-Field-of-Harmony-Arranagement-1024x1024.jpg 1024w, https:\/\/lebouquet.brstdev.com\/wp-content\/uploads\/2026\/02\/LEB282-Field-of-Harmony-Arranagement-300x300.jpg 300w, https:\/\/lebouquet.brstdev.com\/wp-content\/uploads\/2026\/02\/LEB282-Field-of-Harmony-Arranagement-768x768.jpg 768w, https:\/\/lebouquet.brstdev.com\/wp-content\/uploads\/2026\/02\/LEB282-Field-of-Harmony-Arranagement-150x150.jpg 150w, https:\/\/lebouquet.brstdev.com\/wp-content\/uploads\/2026\/02\/LEB282-Field-of-Harmony-Arranagement-100x100.jpg 100w, https:\/\/lebouquet.brstdev.com\/wp-content\/uploads\/2026\/02\/LEB282-Field-of-Harmony-Arranagement.jpg 1200w\" sizes=\"auto, (max-width: 338px) 100vw, 338px\" \/><\/p><ul><li style=\"list-style-type: none;\"><ul><li style=\"list-style-type: none;\"><ul><li style=\"list-style-type: none;\"><ul><li>Field of Harmony est un bouquet au look jardin, tout en douceur, qui rappelle une promenade dans un champ de fleurs sauvages, avec des fleurs a\u00e9riennes, de la verdure l\u00e9g\u00e8re et un mouvement tr\u00e8s naturel.<\/li><li>Il est id\u00e9al pour les mamans qui aiment un style simple, naturel et apaisant, avec une touche de joie et de fantaisie.<\/li><\/ul><\/li><\/ul><\/li><\/ul><\/li><\/ul><h3 id=\"spring-whisper\" class=\"font-editorial font-bold mb-2 mt-4 [.has-inline-images_&amp;]:clear-end text-base first:mt-0\"><a href=\"https:\/\/www.lebouquet.com\/fr\/murmure-de-printemps\/\" target=\"_blank\" rel=\"noopener\">Spring Whisper<\/a><\/h3><p><img loading=\"lazy\" decoding=\"async\" class=\" wp-image-90844 aligncenter\" src=\"https:\/\/www.lebouquet.com\/wp-content\/uploads\/2024\/04\/1200x1200_SPRING_AIR_LEB217_MAIN-600x600.jpg\" alt=\"LEB217_MAIN\" width=\"302\" height=\"302\" srcset=\"https:\/\/lebouquet.brstdev.com\/wp-content\/uploads\/2024\/04\/1200x1200_SPRING_AIR_LEB217_MAIN-600x600.jpg 600w, https:\/\/lebouquet.brstdev.com\/wp-content\/uploads\/2024\/04\/1200x1200_SPRING_AIR_LEB217_MAIN-150x150.jpg 150w, https:\/\/lebouquet.brstdev.com\/wp-content\/uploads\/2024\/04\/1200x1200_SPRING_AIR_LEB217_MAIN-100x100.jpg 100w, https:\/\/lebouquet.brstdev.com\/wp-content\/uploads\/2024\/04\/1200x1200_SPRING_AIR_LEB217_MAIN-300x300.jpg 300w, https:\/\/lebouquet.brstdev.com\/wp-content\/uploads\/2024\/04\/1200x1200_SPRING_AIR_LEB217_MAIN-1024x1024.jpg 1024w, https:\/\/lebouquet.brstdev.com\/wp-content\/uploads\/2024\/04\/1200x1200_SPRING_AIR_LEB217_MAIN-768x768.jpg 768w, https:\/\/lebouquet.brstdev.com\/wp-content\/uploads\/2024\/04\/1200x1200_SPRING_AIR_LEB217_MAIN.jpg 1200w\" sizes=\"auto, (max-width: 302px) 100vw, 302px\" \/><\/p><ul><li style=\"list-style-type: none;\"><ul><li style=\"list-style-type: none;\"><ul><li style=\"list-style-type: none;\"><ul><li>Spring Whisper est un bouquet romantique et tout en douceur, compos\u00e9 de fleurs pastel qui \u00e9voquent une brise l\u00e9g\u00e8re de printemps.<\/li><li>Ses textures d\u00e9licates et ses couleurs tendres sont parfaites pour exprimer la douceur, la gratitude et une affection discr\u00e8te.<\/li><\/ul><\/li><\/ul><\/li><\/ul><\/li><\/ul><h3 id=\"burst-of-spring\" class=\"font-editorial font-bold mb-2 mt-4 [.has-inline-images_&amp;]:clear-end text-base first:mt-0\"><a href=\"https:\/\/www.lebouquet.com\/fr\/eclat-de-printemps\/\" target=\"_blank\" rel=\"noopener\">Burst of Spring<\/a><\/h3><p><img loading=\"lazy\" decoding=\"async\" class=\"wp-image-125598 aligncenter\" src=\"https:\/\/www.lebouquet.com\/wp-content\/uploads\/2026\/04\/1200x1200_SPRING_BOUQUET_CUT4_HOLDING-2-600x600.webp\" alt=\"SPRING_BOUQUET_CUT4_HOLDING-2\" width=\"285\" height=\"285\" srcset=\"https:\/\/lebouquet.brstdev.com\/wp-content\/uploads\/2026\/04\/1200x1200_SPRING_BOUQUET_CUT4_HOLDING-2-600x600.webp 600w, https:\/\/lebouquet.brstdev.com\/wp-content\/uploads\/2026\/04\/1200x1200_SPRING_BOUQUET_CUT4_HOLDING-2-1024x1024.webp 1024w, https:\/\/lebouquet.brstdev.com\/wp-content\/uploads\/2026\/04\/1200x1200_SPRING_BOUQUET_CUT4_HOLDING-2-300x300.webp 300w, https:\/\/lebouquet.brstdev.com\/wp-content\/uploads\/2026\/04\/1200x1200_SPRING_BOUQUET_CUT4_HOLDING-2-768x768.webp 768w, https:\/\/lebouquet.brstdev.com\/wp-content\/uploads\/2026\/04\/1200x1200_SPRING_BOUQUET_CUT4_HOLDING-2-150x150.webp 150w, https:\/\/lebouquet.brstdev.com\/wp-content\/uploads\/2026\/04\/1200x1200_SPRING_BOUQUET_CUT4_HOLDING-2-100x100.webp 100w, https:\/\/lebouquet.brstdev.com\/wp-content\/uploads\/2026\/04\/1200x1200_SPRING_BOUQUET_CUT4_HOLDING-2.webp 1200w\" sizes=\"auto, (max-width: 285px) 100vw, 285px\" \/><\/p><ul><li style=\"list-style-type: none;\"><ul><li style=\"list-style-type: none;\"><ul><li style=\"list-style-type: none;\"><ul><li>Burst of Spring est un bouquet dynamique et \u00e9clat\u00e9, rempli de fleurs de saison aux couleurs vives qui illuminent instantan\u00e9ment la pi\u00e8ce.<\/li><li>C\u2019est un choix plein de joie pour les mamans au grand temp\u00e9rament qui adorent la couleur, l\u2019\u00e9nergie et un style moderne.<\/li><\/ul><\/li><\/ul><\/li><\/ul><\/li><\/ul><h3 id=\"olivier\" class=\"font-editorial font-bold mb-2 mt-4 [.has-inline-images_&amp;]:clear-end text-base first:mt-0\"><a href=\"https:\/\/www.lebouquet.com\/fr\/olivier\/\" target=\"_blank\" rel=\"noopener\">Olivier<\/a><\/h3><p><img loading=\"lazy\" decoding=\"async\" class=\"wp-image-93179 aligncenter\" src=\"https:\/\/www.lebouquet.com\/wp-content\/uploads\/2024\/06\/1200x1200_OLIVIER_LEB231_DELUXE_HOLDING-2.jpg\" alt=\"OLIVIER_LEB231_DELUXE_HOLDING\" width=\"280\" height=\"280\" srcset=\"https:\/\/lebouquet.brstdev.com\/wp-content\/uploads\/2024\/06\/1200x1200_OLIVIER_LEB231_DELUXE_HOLDING-2.jpg 1200w, https:\/\/lebouquet.brstdev.com\/wp-content\/uploads\/2024\/06\/1200x1200_OLIVIER_LEB231_DELUXE_HOLDING-2-150x150.jpg 150w, https:\/\/lebouquet.brstdev.com\/wp-content\/uploads\/2024\/06\/1200x1200_OLIVIER_LEB231_DELUXE_HOLDING-2-100x100.jpg 100w, https:\/\/lebouquet.brstdev.com\/wp-content\/uploads\/2024\/06\/1200x1200_OLIVIER_LEB231_DELUXE_HOLDING-2-300x300.jpg 300w\" sizes=\"auto, (max-width: 280px) 100vw, 280px\" \/><\/p><ul><li style=\"list-style-type: none;\"><ul><li style=\"list-style-type: none;\"><ul><li style=\"list-style-type: none;\"><ul><li>Olivier est un arrangement raffin\u00e9, d\u2019inspiration europ\u00e9enne, qui marie des fleurs \u00e9l\u00e9gantes \u00e0 un feuillage aux tons olive pour un look calme et intemporel.<\/li><li>Ses verts doux et ses fleurs sophistiqu\u00e9es en font un bouquet id\u00e9al pour les mamans qui aiment le luxe discret et l\u2019\u00e9l\u00e9gance naturelle.<\/li><\/ul><\/li><\/ul><\/li><\/ul><\/li><\/ul><p><span style=\"font-weight: 400;\">Partagez l\u2019id\u00e9e g\u00e9n\u00e9rale et le ressenti que vous recherchez, puis laissez le fleuriste le traduire en fleurs fra\u00eeches disponibles cette semaine\u2011l\u00e0.<\/span><\/p>\t\t\t\t\t\t\t\t<\/div>\n\t\t\t\t<\/div>\n\t\t\t\t\t<\/div>\n\t\t<\/div>\n\t\t\t\t\t<\/div>\n\t\t<\/section>\n\t\t\t\t<section class=\"elementor-section elementor-top-section elementor-element elementor-element-7b32661 elementor-section-boxed elementor-section-height-default elementor-section-height-default\" data-id=\"7b32661\" data-element_type=\"section\" data-e-type=\"section\">\n\t\t\t\t\t\t<div class=\"elementor-container elementor-column-gap-default\">\n\t\t\t\t\t<div class=\"elementor-column elementor-col-100 elementor-top-column elementor-element elementor-element-90c9512\" data-id=\"90c9512\" data-element_type=\"column\" data-e-type=\"column\">\n\t\t\t<div class=\"elementor-widget-wrap elementor-element-populated\">\n\t\t\t\t\t\t<div class=\"elementor-element elementor-element-c71a665 elementor-widget elementor-widget-heading\" data-id=\"c71a665\" data-element_type=\"widget\" data-e-type=\"widget\" data-widget_type=\"heading.default\">\n\t\t\t\t<div class=\"elementor-widget-container\">\n\t\t\t\t\t<h2 class=\"elementor-heading-title elementor-size-default\">FAQ sur les fleurs pour la F\u00eate des M\u00e8res<\/h2>\t\t\t\t<\/div>\n\t\t\t\t<\/div>\n\t\t\t\t<div class=\"elementor-element elementor-element-4e3ff0b elementor-widget elementor-widget-toggle\" data-id=\"4e3ff0b\" data-element_type=\"widget\" data-e-type=\"widget\" data-widget_type=\"toggle.default\">\n\t\t\t\t<div class=\"elementor-widget-container\">\n\t\t\t\t\t\t\t<div class=\"elementor-toggle\">\n\t\t\t\t\t\t\t<div class=\"elementor-toggle-item\">\n\t\t\t\t\t<div id=\"elementor-tab-title-8201\" class=\"elementor-tab-title\" data-tab=\"1\" role=\"button\" aria-controls=\"elementor-tab-content-8201\" aria-expanded=\"false\">\n\t\t\t\t\t\t\t\t\t\t\t\t<span class=\"elementor-toggle-icon elementor-toggle-icon-left\" aria-hidden=\"true\">\n\t\t\t\t\t\t\t\t\t\t\t\t\t\t\t<span class=\"elementor-toggle-icon-closed\"><i class=\"fas fa-caret-right\"><\/i><\/span>\n\t\t\t\t\t\t\t\t<span class=\"elementor-toggle-icon-opened\"><i class=\"elementor-toggle-icon-opened fas fa-caret-up\"><\/i><\/span>\n\t\t\t\t\t\t\t\t\t\t\t\t\t<\/span>\n\t\t\t\t\t\t\t\t\t\t\t\t<a class=\"elementor-toggle-title\" tabindex=\"0\">Quelle est la fleur officielle de la F\u00eate des M\u00e8res?<\/a>\n\t\t\t\t\t<\/div>\n\n\t\t\t\t\t<div id=\"elementor-tab-content-8201\" class=\"elementor-tab-content elementor-clearfix\" data-tab=\"1\" role=\"region\" aria-labelledby=\"elementor-tab-title-8201\"><p><span style=\"font-weight: 400;\">Les \u0153illets sont largement reconnus comme la fleur officielle de la F\u00eate des M\u00e8res, gr\u00e2ce au choix d\u2019Anna Jarvis d\u2019utiliser des \u0153illets blancs pour honorer sa m\u00e8re en 1908.<\/span><\/p><\/div>\n\t\t\t\t<\/div>\n\t\t\t\t\t\t\t<div class=\"elementor-toggle-item\">\n\t\t\t\t\t<div id=\"elementor-tab-title-8202\" class=\"elementor-tab-title\" data-tab=\"2\" role=\"button\" aria-controls=\"elementor-tab-content-8202\" aria-expanded=\"false\">\n\t\t\t\t\t\t\t\t\t\t\t\t<span class=\"elementor-toggle-icon elementor-toggle-icon-left\" aria-hidden=\"true\">\n\t\t\t\t\t\t\t\t\t\t\t\t\t\t\t<span class=\"elementor-toggle-icon-closed\"><i class=\"fas fa-caret-right\"><\/i><\/span>\n\t\t\t\t\t\t\t\t<span class=\"elementor-toggle-icon-opened\"><i class=\"elementor-toggle-icon-opened fas fa-caret-up\"><\/i><\/span>\n\t\t\t\t\t\t\t\t\t\t\t\t\t<\/span>\n\t\t\t\t\t\t\t\t\t\t\t\t<a class=\"elementor-toggle-title\" tabindex=\"0\">Est\u2011ce que les roses conviennent pour la F\u00eate des M\u00e8res ou est\u2011ce trop romantique?<\/a>\n\t\t\t\t\t<\/div>\n\n\t\t\t\t\t<div id=\"elementor-tab-content-8202\" class=\"elementor-tab-content elementor-clearfix\" data-tab=\"2\" role=\"region\" aria-labelledby=\"elementor-tab-title-8202\"><p><span style=\"font-weight: 400;\">Les roses sont tr\u00e8s courantes pour la F\u00eate des M\u00e8res.<\/span><span style=\"font-weight: 400;\"><br \/><\/span><span style=\"font-weight: 400;\">Les roses roses et blanches, en particulier, expriment l\u2019appr\u00e9ciation, la gratitude et l\u2019amour inconditionnel, ce qui est parfait pour les m\u00e8res et les grands\u2011m\u00e8res.<\/span><\/p><\/div>\n\t\t\t\t<\/div>\n\t\t\t\t\t\t\t<div class=\"elementor-toggle-item\">\n\t\t\t\t\t<div id=\"elementor-tab-title-8203\" class=\"elementor-tab-title\" data-tab=\"3\" role=\"button\" aria-controls=\"elementor-tab-content-8203\" aria-expanded=\"false\">\n\t\t\t\t\t\t\t\t\t\t\t\t<span class=\"elementor-toggle-icon elementor-toggle-icon-left\" aria-hidden=\"true\">\n\t\t\t\t\t\t\t\t\t\t\t\t\t\t\t<span class=\"elementor-toggle-icon-closed\"><i class=\"fas fa-caret-right\"><\/i><\/span>\n\t\t\t\t\t\t\t\t<span class=\"elementor-toggle-icon-opened\"><i class=\"elementor-toggle-icon-opened fas fa-caret-up\"><\/i><\/span>\n\t\t\t\t\t\t\t\t\t\t\t\t\t<\/span>\n\t\t\t\t\t\t\t\t\t\t\t\t<a class=\"elementor-toggle-title\" tabindex=\"0\">Que choisir si je ne connais pas sa fleur pr\u00e9f\u00e9r\u00e9e?<\/a>\n\t\t\t\t\t<\/div>\n\n\t\t\t\t\t<div id=\"elementor-tab-content-8203\" class=\"elementor-tab-content elementor-clearfix\" data-tab=\"3\" role=\"region\" aria-labelledby=\"elementor-tab-title-8203\"><p><span style=\"font-weight: 400;\">Un bouquet m\u00e9lang\u00e9 dans des tons de rose et de pastel, avec des roses, des \u0153illets et quelques fleurs de printemps de saison, est un choix s\u00fbr et attentionn\u00e9 pour presque toutes les mamans.<\/span><span style=\"font-weight: 400;\"><br \/><\/span><span style=\"font-weight: 400;\">Si vous commandez chez Le Bouquet \u00e0 Montr\u00e9al, vous pouvez simplement demander un \u00ab choix du designer sp\u00e9cial F\u00eate des M\u00e8res dans des tons doux \u00bb et les laisser s\u2019occuper des d\u00e9tails.<\/span><\/p><\/div>\n\t\t\t\t<\/div>\n\t\t\t\t\t\t\t\t<\/div>\n\t\t\t\t\t\t<\/div>\n\t\t\t\t<\/div>\n\t\t\t\t\t<\/div>\n\t\t<\/div>\n\t\t\t\t\t<\/div>\n\t\t<\/section>\n\t\t\t\t<\/div>\n\t\t","protected":false},"excerpt":{"rendered":"<p>Guide des fleurs pour la F\u00eate des M\u00e8res : comment choisir le bouquet id\u00e9al Certaines ann\u00e9es, choisir un cadeau pour la F\u00eate des M\u00e8res est simple. D\u2019autres ann\u00e9es, vous faites d\u00e9filer bouquet apr\u00e8s bouquet en vous disant : \u00ab Ils sont tous beaux, mais lequel lui ressemble vraiment? \u00bb Les fleurs restent un grand classique [&hellip;]<\/p>\n","protected":false},"author":32273,"featured_media":125509,"comment_status":"closed","ping_status":"closed","sticky":false,"template":"","format":"standard","meta":{"_acf_changed":false,"footnotes":""},"categories":[7435],"tags":[],"class_list":["post-125503","post","type-post","status-publish","format-standard","has-post-thumbnail","hentry","category-blog-fr"],"acf":[],"_links":{"self":[{"href":"https:\/\/lebouquet.brstdev.com\/fr\/wp-json\/wp\/v2\/posts\/125503","targetHints":{"allow":["GET"]}}],"collection":[{"href":"https:\/\/lebouquet.brstdev.com\/fr\/wp-json\/wp\/v2\/posts"}],"about":[{"href":"https:\/\/lebouquet.brstdev.com\/fr\/wp-json\/wp\/v2\/types\/post"}],"author":[{"embeddable":true,"href":"https:\/\/lebouquet.brstdev.com\/fr\/wp-json\/wp\/v2\/users\/32273"}],"replies":[{"embeddable":true,"href":"https:\/\/lebouquet.brstdev.com\/fr\/wp-json\/wp\/v2\/comments?post=125503"}],"version-history":[{"count":6,"href":"https:\/\/lebouquet.brstdev.com\/fr\/wp-json\/wp\/v2\/posts\/125503\/revisions"}],"predecessor-version":[{"id":125621,"href":"https:\/\/lebouquet.brstdev.com\/fr\/wp-json\/wp\/v2\/posts\/125503\/revisions\/125621"}],"wp:featuredmedia":[{"embeddable":true,"href":"https:\/\/lebouquet.brstdev.com\/fr\/wp-json\/wp\/v2\/media\/125509"}],"wp:attachment":[{"href":"https:\/\/lebouquet.brstdev.com\/fr\/wp-json\/wp\/v2\/media?parent=125503"}],"wp:term":[{"taxonomy":"category","embeddable":true,"href":"https:\/\/lebouquet.brstdev.com\/fr\/wp-json\/wp\/v2\/categories?post=125503"},{"taxonomy":"post_tag","embeddable":true,"href":"https:\/\/lebouquet.brstdev.com\/fr\/wp-json\/wp\/v2\/tags?post=125503"}],"curies":[{"name":"wp","href":"https:\/\/api.w.org\/{rel}","templated":true}]}}