{"id":122510,"date":"2026-01-30T02:12:07","date_gmt":"2026-01-30T07:12:07","guid":{"rendered":"https:\/\/www.lebouquet.com\/blog\/best-flowers-for-valentines-day-in-montreal-a-local-florists-guide\/"},"modified":"2026-02-05T00:29:58","modified_gmt":"2026-02-05T05:29:58","slug":"meilleures-fleurs-saint-valentin-montreal-guide-fleuriste-local","status":"publish","type":"post","link":"https:\/\/lebouquet.brstdev.com\/fr\/blog\/meilleures-fleurs-saint-valentin-montreal-guide-fleuriste-local\/","title":{"rendered":"Les Meilleures Fleurs pour la Saint-Valentin \u00e0 Montr\u00e9al : Guide d&rsquo;un Fleuriste Local"},"content":{"rendered":"\t\t<div data-elementor-type=\"wp-post\" data-elementor-id=\"122510\" class=\"elementor elementor-122510 elementor-122466\">\n\t\t\t\t\t\t<section class=\"elementor-section elementor-top-section elementor-element elementor-element-9f8d6f9 elementor-section-boxed elementor-section-height-default elementor-section-height-default\" data-id=\"9f8d6f9\" data-element_type=\"section\" data-e-type=\"section\">\n\t\t\t\t\t\t<div class=\"elementor-container elementor-column-gap-default\">\n\t\t\t\t\t<div class=\"elementor-column elementor-col-100 elementor-top-column elementor-element elementor-element-6f53403\" data-id=\"6f53403\" data-element_type=\"column\" data-e-type=\"column\">\n\t\t\t<div class=\"elementor-widget-wrap elementor-element-populated\">\n\t\t\t\t\t\t<div class=\"elementor-element elementor-element-d14227d elementor-widget elementor-widget-image\" data-id=\"d14227d\" data-element_type=\"widget\" data-e-type=\"widget\" data-widget_type=\"image.default\">\n\t\t\t\t<div class=\"elementor-widget-container\">\n\t\t\t\t\t\t\t\t\t\t\t\t\t\t\t<img loading=\"lazy\" decoding=\"async\" width=\"1760\" height=\"608\" src=\"https:\/\/lebouquet.brstdev.com\/wp-content\/uploads\/2026\/01\/Les-Meilleures-Fleurs-pour-la-Saint-Valentin-a-Montreal-1.jpg\" class=\"attachment-full size-full wp-image-122633\" alt=\"\" srcset=\"https:\/\/lebouquet.brstdev.com\/wp-content\/uploads\/2026\/01\/Les-Meilleures-Fleurs-pour-la-Saint-Valentin-a-Montreal-1.jpg 1760w, https:\/\/lebouquet.brstdev.com\/wp-content\/uploads\/2026\/01\/Les-Meilleures-Fleurs-pour-la-Saint-Valentin-a-Montreal-1-600x207.jpg 600w, https:\/\/lebouquet.brstdev.com\/wp-content\/uploads\/2026\/01\/Les-Meilleures-Fleurs-pour-la-Saint-Valentin-a-Montreal-1-1024x354.jpg 1024w, https:\/\/lebouquet.brstdev.com\/wp-content\/uploads\/2026\/01\/Les-Meilleures-Fleurs-pour-la-Saint-Valentin-a-Montreal-1-768x265.jpg 768w, https:\/\/lebouquet.brstdev.com\/wp-content\/uploads\/2026\/01\/Les-Meilleures-Fleurs-pour-la-Saint-Valentin-a-Montreal-1-1536x531.jpg 1536w, https:\/\/lebouquet.brstdev.com\/wp-content\/uploads\/2026\/01\/Les-Meilleures-Fleurs-pour-la-Saint-Valentin-a-Montreal-1-300x104.jpg 300w\" sizes=\"auto, (max-width: 1760px) 100vw, 1760px\" \/>\t\t\t\t\t\t\t\t\t\t\t\t\t\t\t<\/div>\n\t\t\t\t<\/div>\n\t\t\t\t\t<\/div>\n\t\t<\/div>\n\t\t\t\t\t<\/div>\n\t\t<\/section>\n\t\t\t\t<section class=\"elementor-section elementor-top-section elementor-element elementor-element-45e21661 elementor-section-boxed elementor-section-height-default elementor-section-height-default\" data-id=\"45e21661\" data-element_type=\"section\" data-e-type=\"section\">\n\t\t\t\t\t\t<div class=\"elementor-container elementor-column-gap-default\">\n\t\t\t\t\t<div class=\"elementor-column elementor-col-100 elementor-top-column elementor-element elementor-element-512ad0c\" data-id=\"512ad0c\" data-element_type=\"column\" data-e-type=\"column\">\n\t\t\t<div class=\"elementor-widget-wrap elementor-element-populated\">\n\t\t\t\t\t\t<div class=\"elementor-element elementor-element-6a9d5c13 elementor-widget elementor-widget-text-editor\" data-id=\"6a9d5c13\" data-element_type=\"widget\" data-e-type=\"widget\" data-widget_type=\"text-editor.default\">\n\t\t\t\t<div class=\"elementor-widget-container\">\n\t\t\t\t\t\t\t\t\t<h1 id=\"les-meilleures-fleurs-pour-la-saint-valentin--mont\" class=\"font-sans visRefresh2026AnswerSerif:font-editorial first:mt-xs mb-2 mt-4 [.has-inline-images_&amp;]:clear-end font-semimedium visRefresh2026Fonts:font-bold text-lg leading-[1.5em] lg:text-xl\">Les Meilleures Fleurs pour la Saint-Valentin \u00e0 Montr\u00e9al : Guide d&rsquo;un Fleuriste Local<\/h1><p>La sc\u00e8ne des fleurs de la Saint-Valentin \u00e0 Montr\u00e9al est vibrante, diversifi\u00e9e et id\u00e9alement positionn\u00e9e pour soutenir les artisans locaux qui comprennent l&rsquo;esprit romantique de la ville. Que vous magasiniez pour une premi\u00e8re rencontre ou que vous c\u00e9l\u00e9briez des d\u00e9cennies d&rsquo;amour, choisir les bonnes fleurs et le bon fleuriste fait toute la diff\u00e9rence. Ce guide vous aide \u00e0 naviguer la s\u00e9lection des fleurs de la Saint-Valentin et vous montre pourquoi soutenir un fleuriste familial montr\u00e9alais est important.<\/p><h2 id=\"pourquoi-choisir-un-fleuriste-local--montral-fait\" class=\"mb-2 mt-4 [.has-inline-images_&amp;]:clear-end font-sans visRefresh2026AnswerSerif:font-editorial font-semimedium visRefresh2026Fonts:font-bold text-base visRefresh2026Fonts:text-lg first:mt-0 md:text-lg [hr+&amp;]:mt-4\">Pourquoi Choisir un Fleuriste Local \u00e0 Montr\u00e9al Fait une Diff\u00e9rence<\/h2><p class=\"my-2 [&amp;+p]:mt-4 [&amp;_strong:has(+br)]:inline-block [&amp;_strong:has(+br)]:pb-2\">Quand vous commandez des fleurs aupr\u00e8s d&rsquo;un fleuriste local montr\u00e9alais au lieu d&rsquo;une cha\u00eene nationale ou d&rsquo;une \u00e9picerie, vous prenez une d\u00e9cision qui d\u00e9passe votre propre geste romantique. La recherche montre que 66 cents de chaque dollar d\u00e9pens\u00e9 aupr\u00e8s d&rsquo;entreprises locales restent dans la communaut\u00e9, compar\u00e9 \u00e0 seulement 11 cents aupr\u00e8s de cha\u00eenes multinationales. Cela signifie que votre achat de la Saint-Valentin soutient directement l&rsquo;\u00e9cosyst\u00e8me des petites entreprises montr\u00e9alaises, les agriculteurs locaux et les artisans qui se soucient profond\u00e9ment de leur m\u00e9tier.<\/p><p class=\"my-2 [&amp;+p]:mt-4 [&amp;_strong:has(+br)]:inline-block [&amp;_strong:has(+br)]:pb-2\">Les fleuristes locaux privil\u00e9gient la fra\u00eecheur de mani\u00e8res que les \u00e9piceries ne peuvent tout simplement pas faire. Les fleurs re\u00e7oivent un entreposage \u00e0 climat contr\u00f4l\u00e9 et sont arrang\u00e9es dans les heures suivant la livraison, assurant que les fleurs durent significativement plus longtemps que celles qui tra\u00eenent dans des seaux d&rsquo;\u00e9picerie. De plus, les fleuristes montr\u00e9alais \u00e9tablis ont des relations avec les agriculteurs et les grossistes \u00e0 proximit\u00e9, ce qui signifie que votre bouquet voyage une moins grande distance et arrive plus frais.<\/p><p class=\"my-2 [&amp;+p]:mt-4 [&amp;_strong:has(+br)]:inline-block [&amp;_strong:has(+br)]:pb-2\">La raison la plus convaincante ? Le service personnalis\u00e9. Quand vous commandez aupr\u00e8s d&rsquo;un fleuriste familial montr\u00e9alais comme\u00a0<a class=\"reset interactable cursor-pointer decoration-1 underline-offset-1 text-super hover:underline font-semibold\" href=\"https:\/\/www.lebouquet.com\/fr\/\" target=\"_blank\" rel=\"nofollow noopener\"><span class=\"text-box-trim-both\">Le Bouquet<\/span><\/a>, qui sert la communaut\u00e9 depuis 1978, vous parlez \u00e0 quelqu&rsquo;un qui comprend les relations, qui comprend Montr\u00e9al, et qui peut vous guider vers des arrangements qui se sentent personnels plut\u00f4t que g\u00e9n\u00e9riques.<\/p><h2 id=\"les-meilleures-fleurs-de-la-saint-valentin-pour-lh\" class=\"mb-2 mt-4 [.has-inline-images_&amp;]:clear-end font-sans visRefresh2026AnswerSerif:font-editorial font-semimedium visRefresh2026Fonts:font-bold text-base visRefresh2026Fonts:text-lg first:mt-0 md:text-lg [hr+&amp;]:mt-4\">Les Meilleures Fleurs de la Saint-Valentin pour l&rsquo;Hiver Montr\u00e9alais (F\u00e9vrier)<\/h2><p>La Saint-Valentin \u00e0 Montr\u00e9al tombe en hiver, quand certaines fleurs brillent tandis que d&rsquo;autres font face \u00e0 des d\u00e9fis de disponibilit\u00e9. Comprendre ce qui est id\u00e9al saisonni\u00e8rement vous aide \u00e0 s\u00e9lectionner des arrangements qui sont plus frais, plus abordables et plus significatifs.<\/p><h3>Les Roses<\/h3><p><img loading=\"lazy\" decoding=\"async\" class=\"wp-image-104305 aligncenter\" src=\"https:\/\/www.lebouquet.com\/wp-content\/uploads\/2025\/02\/LeBouquet_AboutUs_Inspiration_SeasonalEvents-2-600x560.png\" alt=\"\" width=\"319\" height=\"298\" srcset=\"https:\/\/lebouquet.brstdev.com\/wp-content\/uploads\/2025\/02\/LeBouquet_AboutUs_Inspiration_SeasonalEvents-2-600x560.png 600w, https:\/\/lebouquet.brstdev.com\/wp-content\/uploads\/2025\/02\/LeBouquet_AboutUs_Inspiration_SeasonalEvents-2-300x280.png 300w, https:\/\/lebouquet.brstdev.com\/wp-content\/uploads\/2025\/02\/LeBouquet_AboutUs_Inspiration_SeasonalEvents-2.png 698w\" sizes=\"auto, (max-width: 319px) 100vw, 319px\" \/><\/p><p class=\"my-2 [&amp;+p]:mt-4 [&amp;_strong:has(+br)]:inline-block [&amp;_strong:has(+br)]:pb-2\"><a href=\"https:\/\/www.lebouquet.com\/fr\/roses-fraiches-montreal\/\" target=\"_blank\" rel=\"noopener\"><strong>Les\u00a0<span class=\"text-box-trim-both\">roses<\/span><\/strong><\/a>\u00a0demeurent le classique intemporel de la Saint-Valentin, leur signification \u00e9tant fa\u00e7onn\u00e9e par la couleur, la quantit\u00e9 et la pr\u00e9sentation. Les roses rouges symbolisent l&rsquo;amour profond et la d\u00e9votion, les roses roses expriment l&rsquo;admiration et la tendresse, tandis que les roses blanches repr\u00e9sentent la sinc\u00e9rit\u00e9 et les nouveaux d\u00e9parts.<\/p><p class=\"my-2 [&amp;+p]:mt-4 [&amp;_strong:has(+br)]:inline-block [&amp;_strong:has(+br)]:pb-2\">\u00c0 Montr\u00e9al, les prix de la Saint-Valentin refl\u00e8tent la demande saisonni\u00e8re et la disponibilit\u00e9 limit\u00e9e. Une douzaine de roses rouges varie g\u00e9n\u00e9ralement entre 140 $ et 180 $ CAD, tandis que les douzaines roses et blanches se situent souvent entre 100 $ et 130 $ CAD. La longueur des tiges influence l&rsquo;\u00e9l\u00e9gance et l&rsquo;impact visuel d&rsquo;un arrangement plut\u00f4t que sa signification \u00e9motionnelle. Chez\u00a0<strong>Le Bouquet<\/strong>, les roses sont offertes en trois longueurs de tige, permettant aux clients de choisir selon la hauteur du vase, le style et le budget.<\/p><p class=\"my-2 [&amp;+p]:mt-4 [&amp;_strong:has(+br)]:inline-block [&amp;_strong:has(+br)]:pb-2\">Traditionnellement, le nombre de roses porte plus de symbolisme que leur taille : trois roses disent \u00ab Je t&rsquo;aime \u00bb, six expriment un attachement grandissant, et douze signifient une d\u00e9votion compl\u00e8te. Les roses sont donc disponibles, des tiges individuelles et petits trios aux douzaines classiques et arrangements plus grands \u2013 permettant \u00e0 chaque geste de se sentir intentionnel, qu&rsquo;il soit modeste ou grandiose.<\/p><h3>Les Tulipes<\/h3><p><img loading=\"lazy\" decoding=\"async\" class=\"wp-image-114895 aligncenter\" src=\"https:\/\/www.lebouquet.com\/wp-content\/uploads\/2025\/06\/PTU-Parrot-Tulips-1200-x-1200-1-300x300-1-1.jpg\" alt=\"\" width=\"357\" height=\"357\" srcset=\"https:\/\/lebouquet.brstdev.com\/wp-content\/uploads\/2025\/06\/PTU-Parrot-Tulips-1200-x-1200-1-300x300-1-1.jpg 300w, https:\/\/lebouquet.brstdev.com\/wp-content\/uploads\/2025\/06\/PTU-Parrot-Tulips-1200-x-1200-1-300x300-1-1-150x150.jpg 150w, https:\/\/lebouquet.brstdev.com\/wp-content\/uploads\/2025\/06\/PTU-Parrot-Tulips-1200-x-1200-1-300x300-1-1-100x100.jpg 100w\" sizes=\"auto, (max-width: 357px) 100vw, 357px\" \/><\/p><p><a href=\"https:\/\/www.lebouquet.com\/fr\/tulipes-magnifiques\/\" target=\"_blank\" rel=\"noopener\"><strong>Les Tulipes<\/strong><\/a>\u00a0sont des alternatives de plus en plus populaires aux roses, offrant une \u00e9l\u00e9gance contemporaine sans le poids traditionnel. Disponibles en vari\u00e9t\u00e9s rouges, roses, blanches et jaunes tout au long de l&rsquo;hiver montr\u00e9alais, les tulipes repr\u00e9sentent l&rsquo;amour parfait et les nouveaux d\u00e9buts. Plusieurs arrangements mettant en vedette les tulipes co\u00fbtent $100-$140 CAD, souvent per\u00e7us comme plus sophistiqu\u00e9s que les roses standard.<\/p><h3>Les Orchid\u00e9es<\/h3><p><img loading=\"lazy\" decoding=\"async\" class=\"wp-image-97921 aligncenter\" src=\"https:\/\/www.lebouquet.com\/wp-content\/uploads\/2024\/09\/LEB272-Charming-Delight-_HOLDING-1200-600x600.jpg\" alt=\"Charming Delight floral arrangement featuring pink and orange roses, yellow orchids, hydrangeas, stock flowers, and decorative wooden branches, measuring 15 inches long, 12 inches high, and 9 inches wide.\" width=\"329\" height=\"329\" srcset=\"https:\/\/lebouquet.brstdev.com\/wp-content\/uploads\/2024\/09\/LEB272-Charming-Delight-_HOLDING-1200-600x600.jpg 600w, https:\/\/lebouquet.brstdev.com\/wp-content\/uploads\/2024\/09\/LEB272-Charming-Delight-_HOLDING-1200-150x150.jpg 150w, https:\/\/lebouquet.brstdev.com\/wp-content\/uploads\/2024\/09\/LEB272-Charming-Delight-_HOLDING-1200-100x100.jpg 100w, https:\/\/lebouquet.brstdev.com\/wp-content\/uploads\/2024\/09\/LEB272-Charming-Delight-_HOLDING-1200-300x300.jpg 300w, https:\/\/lebouquet.brstdev.com\/wp-content\/uploads\/2024\/09\/LEB272-Charming-Delight-_HOLDING-1200-1024x1024.jpg 1024w, https:\/\/lebouquet.brstdev.com\/wp-content\/uploads\/2024\/09\/LEB272-Charming-Delight-_HOLDING-1200-768x768.jpg 768w, https:\/\/lebouquet.brstdev.com\/wp-content\/uploads\/2024\/09\/LEB272-Charming-Delight-_HOLDING-1200.jpg 1200w\" sizes=\"auto, (max-width: 329px) 100vw, 329px\" \/><\/p><p><strong>Les Orchid\u00e9es<\/strong> prosp\u00e8rent pendant la saison hivernale de Montr\u00e9al, ce qui en fait un moment id\u00e9al pour les offrir. Ces fleurs exotiques et raffin\u00e9es symbolisent la force, la beaut\u00e9 et l&rsquo;admiration parfaites pour les partenaires \u00e0 long terme ou ceux que vous respectez vraiment. Les arrangements d&rsquo;orchid\u00e9es co\u00fbtent g\u00e9n\u00e9ralement entre $120-$180 CAD.<\/p><h3>Les Renoncules<\/h3><p><img loading=\"lazy\" decoding=\"async\" class=\" wp-image-58786 aligncenter\" src=\"https:\/\/www.lebouquet.com\/wp-content\/uploads\/2024\/01\/ranunculus_3-300x300.webp\" alt=\"\" width=\"321\" height=\"321\" \/><\/p><p class=\"my-2 [&amp;+p]:mt-4 [&amp;_strong:has(+br)]:inline-block [&amp;_strong:has(+br)]:pb-2\"><strong>Les Renoncules<\/strong>\u00a0sont des fleurs d\u00e9licates et multicouches qui sont devenues tendance pour les livraisons de la Saint-Valentin. Avec une esth\u00e9tique de jardin romantique, les renoncules en tons rose ou p\u00eache expriment le charme et la gr\u00e2ce. Attendez-vous \u00e0 payer $120-$150 CAD.<\/p><h3><strong>Les \u0152illets<\/strong><\/h3><p><img loading=\"lazy\" decoding=\"async\" class=\"wp-image-117478 aligncenter\" src=\"https:\/\/www.lebouquet.com\/wp-content\/uploads\/2025\/07\/IMG_5918-600x600.jpg\" alt=\"Assorted Mini Carnations \u2013 Bulk DIY Flowers\" width=\"360\" height=\"360\" \/><\/p><p class=\"my-2 [&amp;+p]:mt-4 [&amp;_strong:has(+br)]:inline-block [&amp;_strong:has(+br)]:pb-2\"><strong>Les \u0152illets<\/strong>\u00a0sont des options hivernales sous-estim\u00e9es qui durent exceptionnellement longtemps et arrivent en s\u00e9lections de couleurs riches pour f\u00e9vrier. Les \u0153illets rouges symbolisent l&rsquo;amour, le rose transmet l&rsquo;admiration, et le blanc sugg\u00e8re la puret\u00e9. \u00c0 $80-$120 CAD par arrangement, ils sont abordables sans sacrifier la qualit\u00e9.<\/p><h3><strong>L&rsquo;Amaryllis<\/strong>\u00a0et\u00a0<strong>les Callas<\/strong><\/h3><p><img loading=\"lazy\" decoding=\"async\" class=\" wp-image-97407 aligncenter\" src=\"https:\/\/www.lebouquet.com\/wp-content\/uploads\/2024\/08\/LEB110-VAS-Luxe-Arrangement-Main-1200x1200-1-600x600.jpg\" alt=\"Luxe Arrangement\" width=\"399\" height=\"399\" srcset=\"https:\/\/lebouquet.brstdev.com\/wp-content\/uploads\/2024\/08\/LEB110-VAS-Luxe-Arrangement-Main-1200x1200-1-600x600.jpg 600w, https:\/\/lebouquet.brstdev.com\/wp-content\/uploads\/2024\/08\/LEB110-VAS-Luxe-Arrangement-Main-1200x1200-1-150x150.jpg 150w, https:\/\/lebouquet.brstdev.com\/wp-content\/uploads\/2024\/08\/LEB110-VAS-Luxe-Arrangement-Main-1200x1200-1-100x100.jpg 100w, https:\/\/lebouquet.brstdev.com\/wp-content\/uploads\/2024\/08\/LEB110-VAS-Luxe-Arrangement-Main-1200x1200-1-300x300.jpg 300w, https:\/\/lebouquet.brstdev.com\/wp-content\/uploads\/2024\/08\/LEB110-VAS-Luxe-Arrangement-Main-1200x1200-1-1024x1024.jpg 1024w, https:\/\/lebouquet.brstdev.com\/wp-content\/uploads\/2024\/08\/LEB110-VAS-Luxe-Arrangement-Main-1200x1200-1-768x768.jpg 768w, https:\/\/lebouquet.brstdev.com\/wp-content\/uploads\/2024\/08\/LEB110-VAS-Luxe-Arrangement-Main-1200x1200-1.jpg 1200w\" sizes=\"auto, (max-width: 399px) 100vw, 399px\" \/><\/p><p class=\"my-2 [&amp;+p]:mt-4 [&amp;_strong:has(+br)]:inline-block [&amp;_strong:has(+br)]:pb-2\"><strong>L&rsquo;Amaryllis<\/strong>\u00a0et\u00a0<strong>les Callas<\/strong>\u00a0sont distinctement disponibles en hiver et ajoutent une beaut\u00e9 dramatique et remarquable \u00e0 tout arrangement. Ces fleurs audacieuses et sculpturales fonctionnent magnifiquement pour les partenaires avec des go\u00fbts contemporains.<\/p><h2 id=\"guide-de-prix--ce--quoi-sattendre--montral\" class=\"mb-2 mt-4 [.has-inline-images_&amp;]:clear-end font-sans visRefresh2026AnswerSerif:font-editorial font-semimedium visRefresh2026Fonts:font-bold text-base visRefresh2026Fonts:text-lg first:mt-0 md:text-lg [hr+&amp;]:mt-4\">Guide de Prix : Ce \u00e0 Quoi S&rsquo;attendre \u00e0 Montr\u00e9al<\/h2><p class=\"my-2 [&amp;+p]:mt-4 [&amp;_strong:has(+br)]:inline-block [&amp;_strong:has(+br)]:pb-2\">Les prix des fleurs de la Saint-Valentin varient selon la taille, la complexit\u00e9 et l&rsquo;urgence. Comprendre les prix montr\u00e9alais typiques vous aide \u00e0 budg\u00e9tiser correctement :<\/p><table class=\"border-subtler my-[1em] w-full table-auto border-separate border-spacing-0 border-l border-t\"><thead class=\"bg-subtler\"><tr><th class=\"border-subtler p-sm break-normal border-b border-r text-left align-top\"><strong>Type d&rsquo;Arrangement<\/strong><\/th><th class=\"border-subtler p-sm break-normal border-b border-r text-left align-top\"><strong>Gamme de Prix \u00e0 Montr\u00e9al<\/strong><\/th><th class=\"border-subtler p-sm break-normal border-b border-r text-left align-top\"><strong>Id\u00e9al Pour<\/strong><\/th><\/tr><\/thead><tbody><tr><td class=\"px-sm border-subtler min-w-[48px] break-normal border-b border-r\">Tige unique ou petit bouquet (3-5 tiges)<\/td><td class=\"px-sm border-subtler min-w-[48px] break-normal border-b border-r\">$50-$75 CAD<\/td><td class=\"px-sm border-subtler min-w-[48px] break-normal border-b border-r\">Premi\u00e8res rencontres, d\u00e9buts de fr\u00e9quentations<\/td><\/tr><tr><td class=\"px-sm border-subtler min-w-[48px] break-normal border-b border-r\">Douzaine standard de roses<\/td><td class=\"px-sm border-subtler min-w-[48px] break-normal border-b border-r\">$140-$200 CAD<\/td><td class=\"px-sm border-subtler min-w-[48px] break-normal border-b border-r\">Gestes romantiques traditionnels<\/td><\/tr><tr><td class=\"px-sm border-subtler min-w-[48px] break-normal border-b border-r\">Bouquet mixte premium (20+ tiges)<\/td><td class=\"px-sm border-subtler min-w-[48px] break-normal border-b border-r\">$180-$280 CAD<\/td><td class=\"px-sm border-subtler min-w-[48px] break-normal border-b border-r\">Relations \u00e9tablies<\/td><\/tr><tr><td class=\"px-sm border-subtler min-w-[48px] break-normal border-b border-r\">Arrangement luxe (30+ tiges)<\/td><td class=\"px-sm border-subtler min-w-[48px] break-normal border-b border-r\">$280-$450+ CAD<\/td><td class=\"px-sm border-subtler min-w-[48px] break-normal border-b border-r\">Anniversaires, demandes en mariage<\/td><\/tr><tr><td class=\"px-sm border-subtler min-w-[48px] break-normal border-b border-r\">Choix du Fleuriste<\/td><td class=\"px-sm border-subtler min-w-[48px] break-normal border-b border-r\">$100-$180 CAD<\/td><td class=\"px-sm border-subtler min-w-[48px] break-normal border-b border-r\">Faire confiance \u00e0 l&rsquo;expertise du fleuriste<\/td><\/tr><\/tbody><\/table><p class=\"my-2 [&amp;+p]:mt-4 [&amp;_strong:has(+br)]:inline-block [&amp;_strong:has(+br)]:pb-2\"><strong>Conseil pratique :<\/strong> Commander aupr\u00e8s de Le Bouquet t\u00f4t donne souvent acc\u00e8s \u00e0 des codes de coupon et \u00e0 des promotions qui r\u00e9duisent ces prix de 10-15%. Commander t\u00f4t est toujours mieux il y a plus de choix, les articles ne sont pas \u00e9puis\u00e9s, et vous pouvez r\u00e9ellement appeler et parler \u00e0 quelqu&rsquo;un de votre vision.<\/p><h2 id=\"livraison-le-jour-mme--montral--ce-que-vous-devez\" class=\"mb-2 mt-4 [.has-inline-images_&amp;]:clear-end font-sans visRefresh2026AnswerSerif:font-editorial font-semimedium visRefresh2026Fonts:font-bold text-base visRefresh2026Fonts:text-lg first:mt-0 md:text-lg [hr+&amp;]:mt-4\">Livraison le Jour M\u00eame \u00e0 Montr\u00e9al: Ce que Vous Devez Savoir<\/h2><p class=\"my-2 [&amp;+p]:mt-4 [&amp;_strong:has(+br)]:inline-block [&amp;_strong:has(+br)]:pb-2\">Le Bouquet offre une livraison le jour m\u00eame avec une heure limite strat\u00e9giquement con\u00e7ue pour assurer la qualit\u00e9 :<\/p><p class=\"my-2 [&amp;+p]:mt-4 [&amp;_strong:has(+br)]:inline-block [&amp;_strong:has(+br)]:pb-2\"><strong>Commandez avant 11h00 pour livraison le jour m\u00eame \u00e0 travers :<\/strong><\/p><ul class=\"marker:text-quiet list-disc\"><li class=\"py-0 my-0 prose-p:pt-0 prose-p:mb-2 prose-p:my-0 [&amp;&gt;p]:pt-0 [&amp;&gt;p]:mb-2 [&amp;&gt;p]:my-0\"><p class=\"my-2 [&amp;+p]:mt-4 [&amp;_strong:has(+br)]:inline-block [&amp;_strong:has(+br)]:pb-2\">L&rsquo;\u00eele de Montr\u00e9al (tous les quartiers)<\/p><\/li><li class=\"py-0 my-0 prose-p:pt-0 prose-p:mb-2 prose-p:my-0 [&amp;&gt;p]:pt-0 [&amp;&gt;p]:mb-2 [&amp;&gt;p]:my-0\"><p class=\"my-2 [&amp;+p]:mt-4 [&amp;_strong:has(+br)]:inline-block [&amp;_strong:has(+br)]:pb-2\">\u00cele Perrot et Ouest-de-l&rsquo;\u00cele (Pointe-Claire, Beaconsfield, Kirkland, Dorval)<\/p><\/li><li class=\"py-0 my-0 prose-p:pt-0 prose-p:mb-2 prose-p:my-0 [&amp;&gt;p]:pt-0 [&amp;&gt;p]:mb-2 [&amp;&gt;p]:my-0\"><p class=\"my-2 [&amp;+p]:mt-4 [&amp;_strong:has(+br)]:inline-block [&amp;_strong:has(+br)]:pb-2\">Laval et C\u00f4te-Nord<\/p><\/li><li class=\"py-0 my-0 prose-p:pt-0 prose-p:mb-2 prose-p:my-0 [&amp;&gt;p]:pt-0 [&amp;&gt;p]:mb-2 [&amp;&gt;p]:my-0\"><p class=\"my-2 [&amp;+p]:mt-4 [&amp;_strong:has(+br)]:inline-block [&amp;_strong:has(+br)]:pb-2\">Rive-Sud (Longueuil, Brossard, Saint-Hubert)<\/p><\/li><\/ul><p class=\"my-2 [&amp;+p]:mt-4 [&amp;_strong:has(+br)]:inline-block [&amp;_strong:has(+br)]:pb-2\"><strong>Important :<\/strong>\u00a0La Saint-Valentin (14 f\u00e9vrier 2026\u2014un samedi) verra une demande exceptionnelle. Bien que la livraison le jour m\u00eame soit techniquement possible, Le Bouquet recommande fortement de commander au moins 5-7 jours \u00e0 l&rsquo;avance. Voici pourquoi :<\/p><p class=\"my-2 [&amp;+p]:mt-4 [&amp;_strong:has(+br)]:inline-block [&amp;_strong:has(+br)]:pb-2\"><strong>Avantages de Commander T\u00f4t :<\/strong><\/p><ul class=\"marker:text-quiet list-disc\"><li class=\"py-0 my-0 prose-p:pt-0 prose-p:mb-2 prose-p:my-0 [&amp;&gt;p]:pt-0 [&amp;&gt;p]:mb-2 [&amp;&gt;p]:my-0\"><p class=\"my-2 [&amp;+p]:mt-4 [&amp;_strong:has(+br)]:inline-block [&amp;_strong:has(+br)]:pb-2\">S\u00e9lection maximale de fleurs disponibles<\/p><\/li><li class=\"py-0 my-0 prose-p:pt-0 prose-p:mb-2 prose-p:my-0 [&amp;&gt;p]:pt-0 [&amp;&gt;p]:mb-2 [&amp;&gt;p]:my-0\"><p class=\"my-2 [&amp;+p]:mt-4 [&amp;_strong:has(+br)]:inline-block [&amp;_strong:has(+br)]:pb-2\">Tous les styles de contenants en stock (pas d&rsquo;\u00e9puisement)<\/p><\/li><li class=\"py-0 my-0 prose-p:pt-0 prose-p:mb-2 prose-p:my-0 [&amp;&gt;p]:pt-0 [&amp;&gt;p]:mb-2 [&amp;&gt;p]:my-0\"><p class=\"my-2 [&amp;+p]:mt-4 [&amp;_strong:has(+br)]:inline-block [&amp;_strong:has(+br)]:pb-2\">Acc\u00e8s aux codes de coupon des commandes pr\u00e9coces<\/p><\/li><li class=\"py-0 my-0 prose-p:pt-0 prose-p:mb-2 prose-p:my-0 [&amp;&gt;p]:pt-0 [&amp;&gt;p]:mb-2 [&amp;&gt;p]:my-0\"><p class=\"my-2 [&amp;+p]:mt-4 [&amp;_strong:has(+br)]:inline-block [&amp;_strong:has(+br)]:pb-2\">Consultation t\u00e9l\u00e9phonique disponible\u2014vous pouvez r\u00e9ellement parler \u00e0 quelqu&rsquo;un de votre vision<\/p><\/li><li class=\"py-0 my-0 prose-p:pt-0 prose-p:mb-2 prose-p:my-0 [&amp;&gt;p]:pt-0 [&amp;&gt;p]:mb-2 [&amp;&gt;p]:my-0\"><p class=\"my-2 [&amp;+p]:mt-4 [&amp;_strong:has(+br)]:inline-block [&amp;_strong:has(+br)]:pb-2\">Moins de pression sur le personnel signifie un meilleur service<\/p><\/li><li class=\"py-0 my-0 prose-p:pt-0 prose-p:mb-2 prose-p:my-0 [&amp;&gt;p]:pt-0 [&amp;&gt;p]:mb-2 [&amp;&gt;p]:my-0\"><p class=\"my-2 [&amp;+p]:mt-4 [&amp;_strong:has(+br)]:inline-block [&amp;_strong:has(+br)]:pb-2\">Capacit\u00e9 \u00e0 demander des personnalisations et des articles sp\u00e9ciaux<\/p><\/li><\/ul><p class=\"my-2 [&amp;+p]:mt-4 [&amp;_strong:has(+br)]:inline-block [&amp;_strong:has(+br)]:pb-2\"><strong>Commande \u00e0 Mi-Tarde \u00e0 Tardive (3-4 jours avant) :<\/strong><\/p><ul class=\"marker:text-quiet list-disc\"><li class=\"py-0 my-0 prose-p:pt-0 prose-p:mb-2 prose-p:my-0 [&amp;&gt;p]:pt-0 [&amp;&gt;p]:mb-2 [&amp;&gt;p]:my-0\"><p class=\"my-2 [&amp;+p]:mt-4 [&amp;_strong:has(+br)]:inline-block [&amp;_strong:has(+br)]:pb-2\">Risque que des contenants sp\u00e9cifiques s&rsquo;\u00e9puisent<\/p><\/li><li class=\"py-0 my-0 prose-p:pt-0 prose-p:mb-2 prose-p:my-0 [&amp;&gt;p]:pt-0 [&amp;&gt;p]:mb-2 [&amp;&gt;p]:my-0\"><p class=\"my-2 [&amp;+p]:mt-4 [&amp;_strong:has(+br)]:inline-block [&amp;_strong:has(+br)]:pb-2\">Le personnel devient de plus en plus occup\u00e9<\/p><\/li><li class=\"py-0 my-0 prose-p:pt-0 prose-p:mb-2 prose-p:my-0 [&amp;&gt;p]:pt-0 [&amp;&gt;p]:mb-2 [&amp;&gt;p]:my-0\"><p class=\"my-2 [&amp;+p]:mt-4 [&amp;_strong:has(+br)]:inline-block [&amp;_strong:has(+br)]:pb-2\">Disponibilit\u00e9 t\u00e9l\u00e9phonique limit\u00e9e<\/p><\/li><li class=\"py-0 my-0 prose-p:pt-0 prose-p:mb-2 prose-p:my-0 [&amp;&gt;p]:pt-0 [&amp;&gt;p]:mb-2 [&amp;&gt;p]:my-0\"><p class=\"my-2 [&amp;+p]:mt-4 [&amp;_strong:has(+br)]:inline-block [&amp;_strong:has(+br)]:pb-2\">Pas d&rsquo;autres codes de coupon ou d&rsquo;offres disponibles<\/p><\/li><li class=\"py-0 my-0 prose-p:pt-0 prose-p:mb-2 prose-p:my-0 [&amp;&gt;p]:pt-0 [&amp;&gt;p]:mb-2 [&amp;&gt;p]:my-0\"><p class=\"my-2 [&amp;+p]:mt-4 [&amp;_strong:has(+br)]:inline-block [&amp;_strong:has(+br)]:pb-2\">Impossible de sourcer des articles sp\u00e9ciaux<\/p><\/li><\/ul><p class=\"my-2 [&amp;+p]:mt-4 [&amp;_strong:has(+br)]:inline-block [&amp;_strong:has(+br)]:pb-2\"><strong>Commande de Derni\u00e8re Minute (1-2 jours avant) :<\/strong><\/p><ul class=\"marker:text-quiet list-disc\"><li class=\"py-0 my-0 prose-p:pt-0 prose-p:mb-2 prose-p:my-0 [&amp;&gt;p]:pt-0 [&amp;&gt;p]:mb-2 [&amp;&gt;p]:my-0\"><p class=\"my-2 [&amp;+p]:mt-4 [&amp;_strong:has(+br)]:inline-block [&amp;_strong:has(+br)]:pb-2\">Beaucoup d&rsquo;articles populaires s&rsquo;\u00e9puisent<\/p><\/li><li class=\"py-0 my-0 prose-p:pt-0 prose-p:mb-2 prose-p:my-0 [&amp;&gt;p]:pt-0 [&amp;&gt;p]:mb-2 [&amp;&gt;p]:my-0\"><p class=\"my-2 [&amp;+p]:mt-4 [&amp;_strong:has(+br)]:inline-block [&amp;_strong:has(+br)]:pb-2\">L&rsquo;horaire de livraison devient incertain<\/p><\/li><li class=\"py-0 my-0 prose-p:pt-0 prose-p:mb-2 prose-p:my-0 [&amp;&gt;p]:pt-0 [&amp;&gt;p]:mb-2 [&amp;&gt;p]:my-0\"><p class=\"my-2 [&amp;+p]:mt-4 [&amp;_strong:has(+br)]:inline-block [&amp;_strong:has(+br)]:pb-2\">Prix complet, pas de rabais<\/p><\/li><li class=\"py-0 my-0 prose-p:pt-0 prose-p:mb-2 prose-p:my-0 [&amp;&gt;p]:pt-0 [&amp;&gt;p]:mb-2 [&amp;&gt;p]:my-0\"><p class=\"my-2 [&amp;+p]:mt-4 [&amp;_strong:has(+br)]:inline-block [&amp;_strong:has(+br)]:pb-2\">Menu limit\u00e9 d&rsquo;arrangements pr\u00e9-pr\u00e9par\u00e9s<\/p><\/li><li class=\"py-0 my-0 prose-p:pt-0 prose-p:mb-2 prose-p:my-0 [&amp;&gt;p]:pt-0 [&amp;&gt;p]:mb-2 [&amp;&gt;p]:my-0\"><p class=\"my-2 [&amp;+p]:mt-4 [&amp;_strong:has(+br)]:inline-block [&amp;_strong:has(+br)]:pb-2\">Acc\u00e8s t\u00e9l\u00e9phonique tr\u00e8s limit\u00e9<\/p><\/li><\/ul><p class=\"my-2 [&amp;+p]:mt-4 [&amp;_strong:has(+br)]:inline-block [&amp;_strong:has(+br)]:pb-2\"><strong>Jour M\u00eame\/Veille :<\/strong><\/p><ul class=\"marker:text-quiet list-disc\"><li class=\"py-0 my-0 prose-p:pt-0 prose-p:mb-2 prose-p:my-0 [&amp;&gt;p]:pt-0 [&amp;&gt;p]:mb-2 [&amp;&gt;p]:my-0\"><p class=\"my-2 [&amp;+p]:mt-4 [&amp;_strong:has(+br)]:inline-block [&amp;_strong:has(+br)]:pb-2\">Vous devez \u00eatre flexible avec ce que vous voulez\u2014beaucoup d&rsquo;articles s&rsquo;\u00e9puisent<\/p><\/li><li class=\"py-0 my-0 prose-p:pt-0 prose-p:mb-2 prose-p:my-0 [&amp;&gt;p]:pt-0 [&amp;&gt;p]:mb-2 [&amp;&gt;p]:my-0\"><p class=\"my-2 [&amp;+p]:mt-4 [&amp;_strong:has(+br)]:inline-block [&amp;_strong:has(+br)]:pb-2\">Commande strictement en ligne uniquement (support t\u00e9l\u00e9phonique indisponible)<\/p><\/li><li class=\"py-0 my-0 prose-p:pt-0 prose-p:mb-2 prose-p:my-0 [&amp;&gt;p]:pt-0 [&amp;&gt;p]:mb-2 [&amp;&gt;p]:my-0\"><p class=\"my-2 [&amp;+p]:mt-4 [&amp;_strong:has(+br)]:inline-block [&amp;_strong:has(+br)]:pb-2\">Limit\u00e9 aux arrangements pr\u00e9-pr\u00e9par\u00e9s<\/p><\/li><li class=\"py-0 my-0 prose-p:pt-0 prose-p:mb-2 prose-p:my-0 [&amp;&gt;p]:pt-0 [&amp;&gt;p]:mb-2 [&amp;&gt;p]:my-0\"><p class=\"my-2 [&amp;+p]:mt-4 [&amp;_strong:has(+br)]:inline-block [&amp;_strong:has(+br)]:pb-2\">Prix complet, pas de codes de coupon<\/p><\/li><\/ul><p class=\"my-2 [&amp;+p]:mt-4 [&amp;_strong:has(+br)]:inline-block [&amp;_strong:has(+br)]:pb-2\">La r\u00e9alit\u00e9 ? Commander t\u00f4t aupr\u00e8s de Le Bouquet n&rsquo;est pas juste mieux\u2014c&rsquo;est la diff\u00e9rence entre obtenir exactement ce que vous voulez et vous contenter de ce qui reste.<\/p><h2 id=\"couverture-de-livraison--montral--dlai\" class=\"mb-2 mt-4 [.has-inline-images_&amp;]:clear-end font-sans visRefresh2026AnswerSerif:font-editorial font-semimedium visRefresh2026Fonts:font-bold text-base visRefresh2026Fonts:text-lg first:mt-0 md:text-lg [hr+&amp;]:mt-4\">Couverture de Livraison \u00e0 Montr\u00e9al &amp; D\u00e9lai<\/h2><p class=\"my-2 [&amp;+p]:mt-4 [&amp;_strong:has(+br)]:inline-block [&amp;_strong:has(+br)]:pb-2\">Le Bouquet livre \u00e0 travers tout Montr\u00e9al et les r\u00e9gions avoisinantes :<\/p><ul class=\"marker:text-quiet list-disc\"><li class=\"py-0 my-0 prose-p:pt-0 prose-p:mb-2 prose-p:my-0 [&amp;&gt;p]:pt-0 [&amp;&gt;p]:mb-2 [&amp;&gt;p]:my-0\"><p class=\"my-2 [&amp;+p]:mt-4 [&amp;_strong:has(+br)]:inline-block [&amp;_strong:has(+br)]:pb-2\"><strong>L&rsquo;\u00cele de Montr\u00e9al<\/strong>\u00a0: Centre-ville, Plateau-Mont-Royal, Westmount, Notre-Dame-de-Gr\u00e2ce, Hampstead, Outremont, Rosemont, Saint-Laurent, Villeray, Verdun, LaSalle, Lachine, et tous les autres quartiers<\/p><\/li><li class=\"py-0 my-0 prose-p:pt-0 prose-p:mb-2 prose-p:my-0 [&amp;&gt;p]:pt-0 [&amp;&gt;p]:mb-2 [&amp;&gt;p]:my-0\"><p class=\"my-2 [&amp;+p]:mt-4 [&amp;_strong:has(+br)]:inline-block [&amp;_strong:has(+br)]:pb-2\"><strong>\u00cele Perrot et Ouest-de-l&rsquo;\u00cele<\/strong>\u00a0: Tous les secteurs<\/p><\/li><li class=\"py-0 my-0 prose-p:pt-0 prose-p:mb-2 prose-p:my-0 [&amp;&gt;p]:pt-0 [&amp;&gt;p]:mb-2 [&amp;&gt;p]:my-0\"><p class=\"my-2 [&amp;+p]:mt-4 [&amp;_strong:has(+br)]:inline-block [&amp;_strong:has(+br)]:pb-2\"><strong>Laval et C\u00f4te-Nord<\/strong>\u00a0: Tous les secteurs<\/p><\/li><li class=\"py-0 my-0 prose-p:pt-0 prose-p:mb-2 prose-p:my-0 [&amp;&gt;p]:pt-0 [&amp;&gt;p]:mb-2 [&amp;&gt;p]:my-0\"><p class=\"my-2 [&amp;+p]:mt-4 [&amp;_strong:has(+br)]:inline-block [&amp;_strong:has(+br)]:pb-2\"><strong>Rive-Sud<\/strong>\u00a0: Longueuil, Brossard, Saint-Hubert, Boucherville, et communaut\u00e9s environnantes<\/p><\/li><\/ul><p class=\"my-2 [&amp;+p]:mt-4 [&amp;_strong:has(+br)]:inline-block [&amp;_strong:has(+br)]:pb-2\">Les frais de livraison varient selon la distance mais sont souvent gratuits sur les commandes de plus de $150.<\/p><h2 id=\"conseils-pro-pour-le-succs-de-la-saint-valentin--m\" class=\"mb-2 mt-4 [.has-inline-images_&amp;]:clear-end font-sans visRefresh2026AnswerSerif:font-editorial font-semimedium visRefresh2026Fonts:font-bold text-base visRefresh2026Fonts:text-lg first:mt-0 md:text-lg [hr+&amp;]:mt-4\">Conseils Pro pour le Succ\u00e8s de la Saint-Valentin \u00e0 Montr\u00e9al<\/h2><p class=\"my-2 [&amp;+p]:mt-4 [&amp;_strong:has(+br)]:inline-block [&amp;_strong:has(+br)]:pb-2\"><strong>Commandez avant jeudi pour la livraison samedi<\/strong>\u00a0: Le 14 f\u00e9vrier est un samedi en 2026. Commandez avant jeudi pour assurer que vous ne rivalisiez pas avec les commandes de derni\u00e8re minute du samedi matin.<\/p><p class=\"my-2 [&amp;+p]:mt-4 [&amp;_strong:has(+br)]:inline-block [&amp;_strong:has(+br)]:pb-2\"><strong>Appelez Le Bouquet t\u00f4t<\/strong>\u00a0: Pour les commandes prioritaires ou les demandes personnalis\u00e9es, un appel de 2 minutes assure qu&rsquo;ils comprennent votre vision et peuvent confirmer la disponibilit\u00e9. Le Bouquet accueille les appels et c&rsquo;est quand le service t\u00e9l\u00e9phonique est au meilleur.<\/p><p class=\"my-2 [&amp;+p]:mt-4 [&amp;_strong:has(+br)]:inline-block [&amp;_strong:has(+br)]:pb-2\"><strong>Demandez au sujet des sp\u00e9cialit\u00e9s saisonni\u00e8res<\/strong>\u00a0: Le Bouquet source des fleurs belles import\u00e9es saisonni\u00e8rement. Demandez ce qui est \u00e0 son apog\u00e9e de fra\u00eecheur cette semaine-l\u00e0 au lieu de demander rigidement une vari\u00e9t\u00e9 sp\u00e9cifique qui pourrait ne pas \u00eatre id\u00e9ale.<\/p><p class=\"my-2 [&amp;+p]:mt-4 [&amp;_strong:has(+br)]:inline-block [&amp;_strong:has(+br)]:pb-2\"><strong>Consid\u00e9rez un calendrier au-del\u00e0 de la Saint-Valentin<\/strong>\u00a0: Envoyez des fleurs le vendredi 13 f\u00e9vrier pour une surprise de fin de semaine, ou le jeudi 12 f\u00e9vrier pour un impact romantique pr\u00e9coce sans le chaos de la Saint-Valentin.<\/p><p class=\"my-2 [&amp;+p]:mt-4 [&amp;_strong:has(+br)]:inline-block [&amp;_strong:has(+br)]:pb-2\"><strong>Commandez t\u00f4t pour les rabais<\/strong>\u00a0: Le Bouquet offre des codes de coupon et des promotions exclusivement pour les commandes pr\u00e9coces. Attendre jusqu&rsquo;\u00e0 la derni\u00e8re minute \u00e9limine ces \u00e9conomies.<\/p><h2 id=\"votre-saint-valentin-vous-attend\" class=\"mb-2 mt-4 [.has-inline-images_&amp;]:clear-end font-sans visRefresh2026AnswerSerif:font-editorial font-semimedium visRefresh2026Fonts:font-bold text-base visRefresh2026Fonts:text-lg first:mt-0 md:text-lg [hr+&amp;]:mt-4\">Votre Saint-Valentin Vous Attend<\/h2><p class=\"my-2 [&amp;+p]:mt-4 [&amp;_strong:has(+br)]:inline-block [&amp;_strong:has(+br)]:pb-2\">Le Bouquet a pass\u00e9 45 ans \u00e0 comprendre que les fleurs communiquent une \u00e9motion profonde. Ce ne sont pas des arrangements de cookie-cutter ; ce sont des expressions r\u00e9fl\u00e9chies de l&rsquo;amour, soigneusement s\u00e9lectionn\u00e9es par des professionnels qui ont pass\u00e9 des d\u00e9cennies \u00e0 perfectionner leur m\u00e9tier.<\/p><p class=\"my-2 [&amp;+p]:mt-4 [&amp;_strong:has(+br)]:inline-block [&amp;_strong:has(+br)]:pb-2\">Cette Saint-Valentin, commandez t\u00f4t aupr\u00e8s de\u00a0<a class=\"reset interactable cursor-pointer decoration-1 underline-offset-1 text-super hover:underline font-semibold\" href=\"https:\/\/www.lebouquet.com\/fr\/\" target=\"_blank\" rel=\"nofollow noopener\"><span class=\"text-box-trim-both\">Le Bouquet<\/span><\/a>. Choisissez des fleurs qui se sentent personnelles \u00e0 votre relation. Laissez le fleuriste familial le plus fiable de Montr\u00e9al vous aider \u00e0 cr\u00e9er quelque chose de vraiment inoubliable.<\/p>\t\t\t\t\t\t\t\t<\/div>\n\t\t\t\t<\/div>\n\t\t\t\t\t<\/div>\n\t\t<\/div>\n\t\t\t\t\t<\/div>\n\t\t<\/section>\n\t\t\t\t<section class=\"elementor-section elementor-top-section elementor-element elementor-element-7b32661 elementor-section-boxed elementor-section-height-default elementor-section-height-default\" data-id=\"7b32661\" data-element_type=\"section\" data-e-type=\"section\">\n\t\t\t\t\t\t<div class=\"elementor-container elementor-column-gap-default\">\n\t\t\t\t\t<div class=\"elementor-column elementor-col-100 elementor-top-column elementor-element elementor-element-90c9512\" data-id=\"90c9512\" data-element_type=\"column\" data-e-type=\"column\">\n\t\t\t<div class=\"elementor-widget-wrap elementor-element-populated\">\n\t\t\t\t\t\t<div class=\"elementor-element elementor-element-c71a665 elementor-widget elementor-widget-heading\" data-id=\"c71a665\" data-element_type=\"widget\" data-e-type=\"widget\" data-widget_type=\"heading.default\">\n\t\t\t\t<div class=\"elementor-widget-container\">\n\t\t\t\t\t<h2 class=\"elementor-heading-title elementor-size-default\">Questions Fr\u00e9quemment Pos\u00e9es<\/h2>\t\t\t\t<\/div>\n\t\t\t\t<\/div>\n\t\t\t\t<div class=\"elementor-element elementor-element-4e3ff0b elementor-widget elementor-widget-toggle\" data-id=\"4e3ff0b\" data-element_type=\"widget\" data-e-type=\"widget\" data-widget_type=\"toggle.default\">\n\t\t\t\t<div class=\"elementor-widget-container\">\n\t\t\t\t\t\t\t<div class=\"elementor-toggle\">\n\t\t\t\t\t\t\t<div class=\"elementor-toggle-item\">\n\t\t\t\t\t<div id=\"elementor-tab-title-8201\" class=\"elementor-tab-title\" data-tab=\"1\" role=\"button\" aria-controls=\"elementor-tab-content-8201\" aria-expanded=\"false\">\n\t\t\t\t\t\t\t\t\t\t\t\t<span class=\"elementor-toggle-icon elementor-toggle-icon-left\" aria-hidden=\"true\">\n\t\t\t\t\t\t\t\t\t\t\t\t\t\t\t<span class=\"elementor-toggle-icon-closed\"><i class=\"fas fa-caret-right\"><\/i><\/span>\n\t\t\t\t\t\t\t\t<span class=\"elementor-toggle-icon-opened\"><i class=\"elementor-toggle-icon-opened fas fa-caret-up\"><\/i><\/span>\n\t\t\t\t\t\t\t\t\t\t\t\t\t<\/span>\n\t\t\t\t\t\t\t\t\t\t\t\t<a class=\"elementor-toggle-title\" tabindex=\"0\">Quand Devrais-je Commander des Fleurs de la Saint-Valentin \u00e0 Montr\u00e9al ?<\/a>\n\t\t\t\t\t<\/div>\n\n\t\t\t\t\t<div id=\"elementor-tab-content-8201\" class=\"elementor-tab-content elementor-clearfix\" data-tab=\"1\" role=\"region\" aria-labelledby=\"elementor-tab-title-8201\"><p class=\"my-2 [&amp;+p]:mt-4 [&amp;_strong:has(+br)]:inline-block [&amp;_strong:has(+br)]:pb-2\">Au moins 5-7 jours \u00e0 l&rsquo;avance, id\u00e9alement 2+ semaines.<\/p><p class=\"my-2 [&amp;+p]:mt-4 [&amp;_strong:has(+br)]:inline-block [&amp;_strong:has(+br)]:pb-2\">La Saint-Valentin est la journ\u00e9e la plus achaland\u00e9e de l&rsquo;ann\u00e9e pour les fleurs. Bien que la livraison le jour m\u00eame soit techniquement possible, commander t\u00f4t assure trois avantages critiques : (1) s\u00e9lection maximale de fleurs\u2014les vari\u00e9t\u00e9s populaires comme les roses premium et les pivoines s&rsquo;\u00e9puisent, (2) acc\u00e8s aux codes de coupon des commandes pr\u00e9coces, et (3) consultation personnalis\u00e9e avec l&rsquo;\u00e9quipe de Le Bouquet, qui a le temps de comprendre votre vision au lieu de pr\u00e9cipiter les commandes de derni\u00e8re minute.<\/p><p class=\"my-2 [&amp;+p]:mt-4 [&amp;_strong:has(+br)]:inline-block [&amp;_strong:has(+br)]:pb-2\">Le Bouquet note sp\u00e9cifiquement que les commandes pr\u00e9coces permettent les consultations t\u00e9l\u00e9phoniques, les demandes personnalis\u00e9es, et la flexibilit\u00e9 d&rsquo;am\u00e9liorer ou d&rsquo;ajuster votre arrangement sans stress suppl\u00e9mentaire.<\/p><p class=\"my-2 [&amp;+p]:mt-4 [&amp;_strong:has(+br)]:inline-block [&amp;_strong:has(+br)]:pb-2\"><strong>Recommandation chronologique<\/strong>\u00a0:<\/p><ul class=\"marker:text-quiet list-disc\"><li class=\"py-0 my-0 prose-p:pt-0 prose-p:mb-2 prose-p:my-0 [&amp;&gt;p]:pt-0 [&amp;&gt;p]:mb-2 [&amp;&gt;p]:my-0\"><p class=\"my-2 [&amp;+p]:mt-4 [&amp;_strong:has(+br)]:inline-block [&amp;_strong:has(+br)]:pb-2\"><strong>Id\u00e9al<\/strong>\u00a0: 2+ semaines \u00e0 l&rsquo;avance<\/p><\/li><li class=\"py-0 my-0 prose-p:pt-0 prose-p:mb-2 prose-p:my-0 [&amp;&gt;p]:pt-0 [&amp;&gt;p]:mb-2 [&amp;&gt;p]:my-0\"><p class=\"my-2 [&amp;+p]:mt-4 [&amp;_strong:has(+br)]:inline-block [&amp;_strong:has(+br)]:pb-2\"><strong>Bon<\/strong>\u00a0: 5-7 jours avant<\/p><\/li><li class=\"py-0 my-0 prose-p:pt-0 prose-p:mb-2 prose-p:my-0 [&amp;&gt;p]:pt-0 [&amp;&gt;p]:mb-2 [&amp;&gt;p]:my-0\"><p class=\"my-2 [&amp;+p]:mt-4 [&amp;_strong:has(+br)]:inline-block [&amp;_strong:has(+br)]:pb-2\"><strong>Acceptable<\/strong>\u00a0: 1-3 jours avant<\/p><\/li><li class=\"py-0 my-0 prose-p:pt-0 prose-p:mb-2 prose-p:my-0 [&amp;&gt;p]:pt-0 [&amp;&gt;p]:mb-2 [&amp;&gt;p]:my-0\"><p class=\"my-2 [&amp;+p]:mt-4 [&amp;_strong:has(+br)]:inline-block [&amp;_strong:has(+br)]:pb-2\"><strong>Dernier recours<\/strong>\u00a0: Jour m\u00eame ou veille (s\u00e9lection limit\u00e9e, prix complet, en ligne seulement)<\/p><\/li><\/ul><\/div>\n\t\t\t\t<\/div>\n\t\t\t\t\t\t\t<div class=\"elementor-toggle-item\">\n\t\t\t\t\t<div id=\"elementor-tab-title-8202\" class=\"elementor-tab-title\" data-tab=\"2\" role=\"button\" aria-controls=\"elementor-tab-content-8202\" aria-expanded=\"false\">\n\t\t\t\t\t\t\t\t\t\t\t\t<span class=\"elementor-toggle-icon elementor-toggle-icon-left\" aria-hidden=\"true\">\n\t\t\t\t\t\t\t\t\t\t\t\t\t\t\t<span class=\"elementor-toggle-icon-closed\"><i class=\"fas fa-caret-right\"><\/i><\/span>\n\t\t\t\t\t\t\t\t<span class=\"elementor-toggle-icon-opened\"><i class=\"elementor-toggle-icon-opened fas fa-caret-up\"><\/i><\/span>\n\t\t\t\t\t\t\t\t\t\t\t\t\t<\/span>\n\t\t\t\t\t\t\t\t\t\t\t\t<a class=\"elementor-toggle-title\" tabindex=\"0\">Quelle est la Diff\u00e9rence Entre Commander Aupr\u00e8s d'un Fleuriste Local et une Cha\u00eene Nationale ?<\/a>\n\t\t\t\t\t<\/div>\n\n\t\t\t\t\t<div id=\"elementor-tab-content-8202\" class=\"elementor-tab-content elementor-clearfix\" data-tab=\"2\" role=\"region\" aria-labelledby=\"elementor-tab-title-8202\"><p class=\"my-2 [&amp;+p]:mt-4 [&amp;_strong:has(+br)]:inline-block [&amp;_strong:has(+br)]:pb-2\">C&rsquo;est crucial pour la Saint-Valentin. Les cha\u00eenes nationales et les \u00e9piceries emploient des mod\u00e8les de production g\u00e9n\u00e9riques centr\u00e9s sur le volume. Les fleuristes locaux comme Le Bouquet privil\u00e9gient la qualit\u00e9 et la personnalisation.<\/p><p class=\"my-2 [&amp;+p]:mt-4 [&amp;_strong:has(+br)]:inline-block [&amp;_strong:has(+br)]:pb-2\"><strong>Fleuriste Local Montr\u00e9alais (Le Bouquet)<\/strong>\u00a0:<\/p><ul class=\"marker:text-quiet list-disc\"><li class=\"py-0 my-0 prose-p:pt-0 prose-p:mb-2 prose-p:my-0 [&amp;&gt;p]:pt-0 [&amp;&gt;p]:mb-2 [&amp;&gt;p]:my-0\"><p class=\"my-2 [&amp;+p]:mt-4 [&amp;_strong:has(+br)]:inline-block [&amp;_strong:has(+br)]:pb-2\">Tiges s\u00e9lectionn\u00e9es \u00e0 la main et v\u00e9rifi\u00e9es pour la qualit\u00e9<\/p><\/li><li class=\"py-0 my-0 prose-p:pt-0 prose-p:mb-2 prose-p:my-0 [&amp;&gt;p]:pt-0 [&amp;&gt;p]:mb-2 [&amp;&gt;p]:my-0\"><p class=\"my-2 [&amp;+p]:mt-4 [&amp;_strong:has(+br)]:inline-block [&amp;_strong:has(+br)]:pb-2\">Arrangements con\u00e7us sp\u00e9cifiquement pour votre commande<\/p><\/li><li class=\"py-0 my-0 prose-p:pt-0 prose-p:mb-2 prose-p:my-0 [&amp;&gt;p]:pt-0 [&amp;&gt;p]:mb-2 [&amp;&gt;p]:my-0\"><p class=\"my-2 [&amp;+p]:mt-4 [&amp;_strong:has(+br)]:inline-block [&amp;_strong:has(+br)]:pb-2\">Entreposage \u00e0 climat contr\u00f4l\u00e9 assure la fra\u00eecheur<\/p><\/li><li class=\"py-0 my-0 prose-p:pt-0 prose-p:mb-2 prose-p:my-0 [&amp;&gt;p]:pt-0 [&amp;&gt;p]:mb-2 [&amp;&gt;p]:my-0\"><p class=\"my-2 [&amp;+p]:mt-4 [&amp;_strong:has(+br)]:inline-block [&amp;_strong:has(+br)]:pb-2\">Consultation t\u00e9l\u00e9phonique disponible<\/p><\/li><li class=\"py-0 my-0 prose-p:pt-0 prose-p:mb-2 prose-p:my-0 [&amp;&gt;p]:pt-0 [&amp;&gt;p]:mb-2 [&amp;&gt;p]:my-0\"><p class=\"my-2 [&amp;+p]:mt-4 [&amp;_strong:has(+br)]:inline-block [&amp;_strong:has(+br)]:pb-2\">Demandes personnalis\u00e9es accommod\u00e9es<\/p><\/li><li class=\"py-0 my-0 prose-p:pt-0 prose-p:mb-2 prose-p:my-0 [&amp;&gt;p]:pt-0 [&amp;&gt;p]:mb-2 [&amp;&gt;p]:my-0\"><p class=\"my-2 [&amp;+p]:mt-4 [&amp;_strong:has(+br)]:inline-block [&amp;_strong:has(+br)]:pb-2\">Les bouquets durent g\u00e9n\u00e9ralement 7-10 jours<\/p><\/li><li class=\"py-0 my-0 prose-p:pt-0 prose-p:mb-2 prose-p:my-0 [&amp;&gt;p]:pt-0 [&amp;&gt;p]:mb-2 [&amp;&gt;p]:my-0\"><p class=\"my-2 [&amp;+p]:mt-4 [&amp;_strong:has(+br)]:inline-block [&amp;_strong:has(+br)]:pb-2\">Touches personnelles et personnalisation possibles<\/p><\/li><li class=\"py-0 my-0 prose-p:pt-0 prose-p:mb-2 prose-p:my-0 [&amp;&gt;p]:pt-0 [&amp;&gt;p]:mb-2 [&amp;&gt;p]:my-0\"><p class=\"my-2 [&amp;+p]:mt-4 [&amp;_strong:has(+br)]:inline-block [&amp;_strong:has(+br)]:pb-2\">45 ans d&rsquo;expertise en relations<\/p><\/li><\/ul><p class=\"my-2 [&amp;+p]:mt-4 [&amp;_strong:has(+br)]:inline-block [&amp;_strong:has(+br)]:pb-2\"><strong>Cha\u00eene Nationale\/\u00c9picerie<\/strong>\u00a0:<\/p><ul class=\"marker:text-quiet list-disc\"><li class=\"py-0 my-0 prose-p:pt-0 prose-p:mb-2 prose-p:my-0 [&amp;&gt;p]:pt-0 [&amp;&gt;p]:mb-2 [&amp;&gt;p]:my-0\"><p class=\"my-2 [&amp;+p]:mt-4 [&amp;_strong:has(+br)]:inline-block [&amp;_strong:has(+br)]:pb-2\">Arrangements de production de masse<\/p><\/li><li class=\"py-0 my-0 prose-p:pt-0 prose-p:mb-2 prose-p:my-0 [&amp;&gt;p]:pt-0 [&amp;&gt;p]:mb-2 [&amp;&gt;p]:my-0\"><p class=\"my-2 [&amp;+p]:mt-4 [&amp;_strong:has(+br)]:inline-block [&amp;_strong:has(+br)]:pb-2\">Personnalisation limit\u00e9e<\/p><\/li><li class=\"py-0 my-0 prose-p:pt-0 prose-p:mb-2 prose-p:my-0 [&amp;&gt;p]:pt-0 [&amp;&gt;p]:mb-2 [&amp;&gt;p]:my-0\"><p class=\"my-2 [&amp;+p]:mt-4 [&amp;_strong:has(+br)]:inline-block [&amp;_strong:has(+br)]:pb-2\">Entreposage \u00e0 temp\u00e9rature ambiante r\u00e9duit la long\u00e9vit\u00e9<\/p><\/li><li class=\"py-0 my-0 prose-p:pt-0 prose-p:mb-2 prose-p:my-0 [&amp;&gt;p]:pt-0 [&amp;&gt;p]:mb-2 [&amp;&gt;p]:my-0\"><p class=\"my-2 [&amp;+p]:mt-4 [&amp;_strong:has(+br)]:inline-block [&amp;_strong:has(+br)]:pb-2\">Pas de consultation (libre-service ou br\u00e8ve interaction au comptoir)<\/p><\/li><li class=\"py-0 my-0 prose-p:pt-0 prose-p:mb-2 prose-p:my-0 [&amp;&gt;p]:pt-0 [&amp;&gt;p]:mb-2 [&amp;&gt;p]:my-0\"><p class=\"my-2 [&amp;+p]:mt-4 [&amp;_strong:has(+br)]:inline-block [&amp;_strong:has(+br)]:pb-2\">Bouquets en stock seulement<\/p><\/li><li class=\"py-0 my-0 prose-p:pt-0 prose-p:mb-2 prose-p:my-0 [&amp;&gt;p]:pt-0 [&amp;&gt;p]:mb-2 [&amp;&gt;p]:my-0\"><p class=\"my-2 [&amp;+p]:mt-4 [&amp;_strong:has(+br)]:inline-block [&amp;_strong:has(+br)]:pb-2\">Les bouquets durent g\u00e9n\u00e9ralement 4-6 jours<\/p><\/li><li class=\"py-0 my-0 prose-p:pt-0 prose-p:mb-2 prose-p:my-0 [&amp;&gt;p]:pt-0 [&amp;&gt;p]:mb-2 [&amp;&gt;p]:my-0\"><p class=\"my-2 [&amp;+p]:mt-4 [&amp;_strong:has(+br)]:inline-block [&amp;_strong:has(+br)]:pb-2\">Approche g\u00e9n\u00e9rique unidimensionnelle<\/p><\/li><\/ul><p class=\"my-2 [&amp;+p]:mt-4 [&amp;_strong:has(+br)]:inline-block [&amp;_strong:has(+br)]:pb-2\">La diff\u00e9rence de co\u00fbt est minimale-Le Bouquet \u00e9gale ou rivalise souvent les prix des cha\u00eenes tout en livrant une qualit\u00e9 sup\u00e9rieure.<\/p><\/div>\n\t\t\t\t<\/div>\n\t\t\t\t\t\t\t<div class=\"elementor-toggle-item\">\n\t\t\t\t\t<div id=\"elementor-tab-title-8203\" class=\"elementor-tab-title\" data-tab=\"3\" role=\"button\" aria-controls=\"elementor-tab-content-8203\" aria-expanded=\"false\">\n\t\t\t\t\t\t\t\t\t\t\t\t<span class=\"elementor-toggle-icon elementor-toggle-icon-left\" aria-hidden=\"true\">\n\t\t\t\t\t\t\t\t\t\t\t\t\t\t\t<span class=\"elementor-toggle-icon-closed\"><i class=\"fas fa-caret-right\"><\/i><\/span>\n\t\t\t\t\t\t\t\t<span class=\"elementor-toggle-icon-opened\"><i class=\"elementor-toggle-icon-opened fas fa-caret-up\"><\/i><\/span>\n\t\t\t\t\t\t\t\t\t\t\t\t\t<\/span>\n\t\t\t\t\t\t\t\t\t\t\t\t<a class=\"elementor-toggle-title\" tabindex=\"0\">Puis-je Ajouter du Chocolat, des Ballons ou d'Autres Cadeaux ?<\/a>\n\t\t\t\t\t<\/div>\n\n\t\t\t\t\t<div id=\"elementor-tab-content-8203\" class=\"elementor-tab-content elementor-clearfix\" data-tab=\"3\" role=\"region\" aria-labelledby=\"elementor-tab-title-8203\"><p class=\"my-2 [&amp;+p]:mt-4 [&amp;_strong:has(+br)]:inline-block [&amp;_strong:has(+br)]:pb-2\">Oui, et Le Bouquet l&rsquo;encourage. Les suppl\u00e9ments typiques incluent :<\/p><ul class=\"marker:text-quiet list-disc\"><li class=\"py-0 my-0 prose-p:pt-0 prose-p:mb-2 prose-p:my-0 [&amp;&gt;p]:pt-0 [&amp;&gt;p]:mb-2 [&amp;&gt;p]:my-0\"><p class=\"my-2 [&amp;+p]:mt-4 [&amp;_strong:has(+br)]:inline-block [&amp;_strong:has(+br)]:pb-2\"><strong>Chocolats artisanaux<\/strong>\u00a0: $20-$50 CAD (producteurs montr\u00e9alais pr\u00e9f\u00e9r\u00e9s)<\/p><\/li><li class=\"py-0 my-0 prose-p:pt-0 prose-p:mb-2 prose-p:my-0 [&amp;&gt;p]:pt-0 [&amp;&gt;p]:mb-2 [&amp;&gt;p]:my-0\"><p class=\"my-2 [&amp;+p]:mt-4 [&amp;_strong:has(+br)]:inline-block [&amp;_strong:has(+br)]:pb-2\"><strong>Ballons<\/strong>\u00a0: $15-$25 CAD<\/p><\/li><li class=\"py-0 my-0 prose-p:pt-0 prose-p:mb-2 prose-p:my-0 [&amp;&gt;p]:pt-0 [&amp;&gt;p]:mb-2 [&amp;&gt;p]:my-0\"><p class=\"my-2 [&amp;+p]:mt-4 [&amp;_strong:has(+br)]:inline-block [&amp;_strong:has(+br)]:pb-2\"><strong>Bougies de luxe<\/strong>\u00a0: $30-$60 CAD<\/p><\/li><li class=\"py-0 my-0 prose-p:pt-0 prose-p:mb-2 prose-p:my-0 [&amp;&gt;p]:pt-0 [&amp;&gt;p]:mb-2 [&amp;&gt;p]:my-0\"><p class=\"my-2 [&amp;+p]:mt-4 [&amp;_strong:has(+br)]:inline-block [&amp;_strong:has(+br)]:pb-2\"><strong>Animaux en peluche<\/strong>\u00a0: $20-$50 CAD<\/p><\/li><li class=\"py-0 my-0 prose-p:pt-0 prose-p:mb-2 prose-p:my-0 [&amp;&gt;p]:pt-0 [&amp;&gt;p]:mb-2 [&amp;&gt;p]:my-0\"><p class=\"my-2 [&amp;+p]:mt-4 [&amp;_strong:has(+br)]:inline-block [&amp;_strong:has(+br)]:pb-2\"><strong>Vin ou champagne<\/strong>\u00a0: $30-$100 CAD<\/p><\/li><\/ul><p class=\"my-2 [&amp;+p]:mt-4 [&amp;_strong:has(+br)]:inline-block [&amp;_strong:has(+br)]:pb-2\">L&rsquo;approche la plus r\u00e9fl\u00e9chie ? Combinez vos fleurs avec quelque chose de personnel une marque de chocolat montr\u00e9alaise pr\u00e9f\u00e9r\u00e9e, une bougie parfum\u00e9e refl\u00e9tant les pr\u00e9f\u00e9rences de votre partenaire, ou une note manuscrite partageant ce que votre relation signifie pour vous.<\/p><\/div>\n\t\t\t\t<\/div>\n\t\t\t\t\t\t\t<div class=\"elementor-toggle-item\">\n\t\t\t\t\t<div id=\"elementor-tab-title-8204\" class=\"elementor-tab-title\" data-tab=\"4\" role=\"button\" aria-controls=\"elementor-tab-content-8204\" aria-expanded=\"false\">\n\t\t\t\t\t\t\t\t\t\t\t\t<span class=\"elementor-toggle-icon elementor-toggle-icon-left\" aria-hidden=\"true\">\n\t\t\t\t\t\t\t\t\t\t\t\t\t\t\t<span class=\"elementor-toggle-icon-closed\"><i class=\"fas fa-caret-right\"><\/i><\/span>\n\t\t\t\t\t\t\t\t<span class=\"elementor-toggle-icon-opened\"><i class=\"elementor-toggle-icon-opened fas fa-caret-up\"><\/i><\/span>\n\t\t\t\t\t\t\t\t\t\t\t\t\t<\/span>\n\t\t\t\t\t\t\t\t\t\t\t\t<a class=\"elementor-toggle-title\" tabindex=\"0\">Devrais-je Choisir des Roses \u00e0 Tige Longue ou \u00e0 Tige Courte ?<\/a>\n\t\t\t\t\t<\/div>\n\n\t\t\t\t\t<div id=\"elementor-tab-content-8204\" class=\"elementor-tab-content elementor-clearfix\" data-tab=\"4\" role=\"region\" aria-labelledby=\"elementor-tab-title-8204\"><p class=\"my-2 [&amp;+p]:mt-4 [&amp;_strong:has(+br)]:inline-block [&amp;_strong:has(+br)]:pb-2\">Les deux options sont disponibles aupr\u00e8s de Le Bouquet \u00e0 des points de prix similaires. Le choix d\u00e9pend de la pr\u00e9f\u00e9rence esth\u00e9tique et de la taille du vase :<\/p><p class=\"my-2 [&amp;+p]:mt-4 [&amp;_strong:has(+br)]:inline-block [&amp;_strong:has(+br)]:pb-2\"><strong>Roses \u00e0 tige longue<\/strong>\u00a0($12-$18 par tige) :<\/p><ul class=\"marker:text-quiet list-disc\"><li class=\"py-0 my-0 prose-p:pt-0 prose-p:mb-2 prose-p:my-0 [&amp;&gt;p]:pt-0 [&amp;&gt;p]:mb-2 [&amp;&gt;p]:my-0\"><p class=\"my-2 [&amp;+p]:mt-4 [&amp;_strong:has(+br)]:inline-block [&amp;_strong:has(+br)]:pb-2\">Commandent l&rsquo;attention et font des d\u00e9clarations dramatiques<\/p><\/li><li class=\"py-0 my-0 prose-p:pt-0 prose-p:mb-2 prose-p:my-0 [&amp;&gt;p]:pt-0 [&amp;&gt;p]:mb-2 [&amp;&gt;p]:my-0\"><p class=\"my-2 [&amp;+p]:mt-4 [&amp;_strong:has(+br)]:inline-block [&amp;_strong:has(+br)]:pb-2\">Fonctionnent mieux dans les vases hauts<\/p><\/li><li class=\"py-0 my-0 prose-p:pt-0 prose-p:mb-2 prose-p:my-0 [&amp;&gt;p]:pt-0 [&amp;&gt;p]:mb-2 [&amp;&gt;p]:my-0\"><p class=\"my-2 [&amp;+p]:mt-4 [&amp;_strong:has(+br)]:inline-block [&amp;_strong:has(+br)]:pb-2\">Cr\u00e9ent un impact visuel impressionnant<\/p><\/li><li class=\"py-0 my-0 prose-p:pt-0 prose-p:mb-2 prose-p:my-0 [&amp;&gt;p]:pt-0 [&amp;&gt;p]:mb-2 [&amp;&gt;p]:my-0\"><p class=\"my-2 [&amp;+p]:mt-4 [&amp;_strong:has(+br)]:inline-block [&amp;_strong:has(+br)]:pb-2\">Se sentent plus formelles et traditionnelles<\/p><\/li><\/ul><p class=\"my-2 [&amp;+p]:mt-4 [&amp;_strong:has(+br)]:inline-block [&amp;_strong:has(+br)]:pb-2\"><strong>Roses \u00e0 tige courte<\/strong>\u00a0($10-$15 par tige) :<\/p><ul class=\"marker:text-quiet list-disc\"><li class=\"py-0 my-0 prose-p:pt-0 prose-p:mb-2 prose-p:my-0 [&amp;&gt;p]:pt-0 [&amp;&gt;p]:mb-2 [&amp;&gt;p]:my-0\"><p class=\"my-2 [&amp;+p]:mt-4 [&amp;_strong:has(+br)]:inline-block [&amp;_strong:has(+br)]:pb-2\">Cr\u00e9ent des arrangements plus pleins et de style jardin<\/p><\/li><li class=\"py-0 my-0 prose-p:pt-0 prose-p:mb-2 prose-p:my-0 [&amp;&gt;p]:pt-0 [&amp;&gt;p]:mb-2 [&amp;&gt;p]:my-0\"><p class=\"my-2 [&amp;+p]:mt-4 [&amp;_strong:has(+br)]:inline-block [&amp;_strong:has(+br)]:pb-2\">Fonctionnent dans les vases standard<\/p><\/li><li class=\"py-0 my-0 prose-p:pt-0 prose-p:mb-2 prose-p:my-0 [&amp;&gt;p]:pt-0 [&amp;&gt;p]:mb-2 [&amp;&gt;p]:my-0\"><p class=\"my-2 [&amp;+p]:mt-4 [&amp;_strong:has(+br)]:inline-block [&amp;_strong:has(+br)]:pb-2\">Se sentent plus contemporaines et casual<\/p><\/li><li class=\"py-0 my-0 prose-p:pt-0 prose-p:mb-2 prose-p:my-0 [&amp;&gt;p]:pt-0 [&amp;&gt;p]:mb-2 [&amp;&gt;p]:my-0\"><p class=\"my-2 [&amp;+p]:mt-4 [&amp;_strong:has(+br)]:inline-block [&amp;_strong:has(+br)]:pb-2\">Souvent arrang\u00e9es plus professionnellement<\/p><\/li><\/ul><p class=\"my-2 [&amp;+p]:mt-4 [&amp;_strong:has(+br)]:inline-block [&amp;_strong:has(+br)]:pb-2\">L&rsquo;\u00e9quipe de Le Bouquet peut recommander quel style convient \u00e0 la pr\u00e9f\u00e9rence esth\u00e9tique de votre partenaire ou \u00e0 votre situation de vase. Un appel rapide rend la d\u00e9cision facile.<\/p><\/div>\n\t\t\t\t<\/div>\n\t\t\t\t\t\t\t<div class=\"elementor-toggle-item\">\n\t\t\t\t\t<div id=\"elementor-tab-title-8205\" class=\"elementor-tab-title\" data-tab=\"5\" role=\"button\" aria-controls=\"elementor-tab-content-8205\" aria-expanded=\"false\">\n\t\t\t\t\t\t\t\t\t\t\t\t<span class=\"elementor-toggle-icon elementor-toggle-icon-left\" aria-hidden=\"true\">\n\t\t\t\t\t\t\t\t\t\t\t\t\t\t\t<span class=\"elementor-toggle-icon-closed\"><i class=\"fas fa-caret-right\"><\/i><\/span>\n\t\t\t\t\t\t\t\t<span class=\"elementor-toggle-icon-opened\"><i class=\"elementor-toggle-icon-opened fas fa-caret-up\"><\/i><\/span>\n\t\t\t\t\t\t\t\t\t\t\t\t\t<\/span>\n\t\t\t\t\t\t\t\t\t\t\t\t<a class=\"elementor-toggle-title\" tabindex=\"0\">Et Si Je Ne Suis Pas S\u00fbr des Fleurs \u00e0 Choisir ?<\/a>\n\t\t\t\t\t<\/div>\n\n\t\t\t\t\t<div id=\"elementor-tab-content-8205\" class=\"elementor-tab-content elementor-clearfix\" data-tab=\"5\" role=\"region\" aria-labelledby=\"elementor-tab-title-8205\"><p class=\"my-2 [&amp;+p]:mt-4 [&amp;_strong:has(+br)]:inline-block [&amp;_strong:has(+br)]:pb-2\">Utilisez l&rsquo;option\u00a0<strong>Choix du Fleuriste<\/strong>. Le Bouquet offre des arrangements o\u00f9 vous fournissez le budget et la pr\u00e9f\u00e9rence de couleur, et le fleuriste s\u00e9lectionne les fleurs exactes bas\u00e9es sur ce qui est le plus frais et le plus beau ce jour-l\u00e0.<\/p><p class=\"my-2 [&amp;+p]:mt-4 [&amp;_strong:has(+br)]:inline-block [&amp;_strong:has(+br)]:pb-2\">C&rsquo;est particuli\u00e8rement intelligent pour la Saint-Valentin parce que :<\/p><ol class=\"marker:text-quiet list-decimal\"><li class=\"py-0 my-0 prose-p:pt-0 prose-p:mb-2 prose-p:my-0 [&amp;&gt;p]:pt-0 [&amp;&gt;p]:mb-2 [&amp;&gt;p]:my-0\"><p class=\"my-2 [&amp;+p]:mt-4 [&amp;_strong:has(+br)]:inline-block [&amp;_strong:has(+br)]:pb-2\">Les fleuristes de Le Bouquet savent quelles fleurs sont \u00e0 leur apog\u00e9e de fra\u00eecheur<\/p><\/li><li class=\"py-0 my-0 prose-p:pt-0 prose-p:mb-2 prose-p:my-0 [&amp;&gt;p]:pt-0 [&amp;&gt;p]:mb-2 [&amp;&gt;p]:my-0\"><p class=\"my-2 [&amp;+p]:mt-4 [&amp;_strong:has(+br)]:inline-block [&amp;_strong:has(+br)]:pb-2\">Vous \u00e9vitez d&rsquo;obtenir des fleurs qui n&rsquo;\u00e9taient pas id\u00e9ales cette semaine-l\u00e0<\/p><\/li><li class=\"py-0 my-0 prose-p:pt-0 prose-p:mb-2 prose-p:my-0 [&amp;&gt;p]:pt-0 [&amp;&gt;p]:mb-2 [&amp;&gt;p]:my-0\"><p class=\"my-2 [&amp;+p]:mt-4 [&amp;_strong:has(+br)]:inline-block [&amp;_strong:has(+br)]:pb-2\">Votre arrangement devient v\u00e9ritablement personnalis\u00e9 selon l&rsquo;expertise professionnelle<\/p><\/li><li class=\"py-0 my-0 prose-p:pt-0 prose-p:mb-2 prose-p:my-0 [&amp;&gt;p]:pt-0 [&amp;&gt;p]:mb-2 [&amp;&gt;p]:my-0\"><p class=\"my-2 [&amp;+p]:mt-4 [&amp;_strong:has(+br)]:inline-block [&amp;_strong:has(+br)]:pb-2\">Le Choix du Fleuriste co\u00fbte g\u00e9n\u00e9ralement $100-$180 CAD, souvent meilleure valeur que les options pr\u00e9-con\u00e7ues<\/p><\/li><\/ol><p class=\"my-2 [&amp;+p]:mt-4 [&amp;_strong:has(+br)]:inline-block [&amp;_strong:has(+br)]:pb-2\">Le Bouquet recommande sp\u00e9cifiquement cette approche pour les clients qui veulent faire confiance au jugement professionnel.<\/p><\/div>\n\t\t\t\t<\/div>\n\t\t\t\t\t\t\t<div class=\"elementor-toggle-item\">\n\t\t\t\t\t<div id=\"elementor-tab-title-8206\" class=\"elementor-tab-title\" data-tab=\"6\" role=\"button\" aria-controls=\"elementor-tab-content-8206\" aria-expanded=\"false\">\n\t\t\t\t\t\t\t\t\t\t\t\t<span class=\"elementor-toggle-icon elementor-toggle-icon-left\" aria-hidden=\"true\">\n\t\t\t\t\t\t\t\t\t\t\t\t\t\t\t<span class=\"elementor-toggle-icon-closed\"><i class=\"fas fa-caret-right\"><\/i><\/span>\n\t\t\t\t\t\t\t\t<span class=\"elementor-toggle-icon-opened\"><i class=\"elementor-toggle-icon-opened fas fa-caret-up\"><\/i><\/span>\n\t\t\t\t\t\t\t\t\t\t\t\t\t<\/span>\n\t\t\t\t\t\t\t\t\t\t\t\t<a class=\"elementor-toggle-title\" tabindex=\"0\">Comment Puis-je Garder les Fleurs de la Saint-Valentin Fra\u00eeches Plus Longtemps ?<\/a>\n\t\t\t\t\t<\/div>\n\n\t\t\t\t\t<div id=\"elementor-tab-content-8206\" class=\"elementor-tab-content elementor-clearfix\" data-tab=\"6\" role=\"region\" aria-labelledby=\"elementor-tab-title-8206\"><p class=\"my-2 [&amp;+p]:mt-4 [&amp;_strong:has(+br)]:inline-block [&amp;_strong:has(+br)]:pb-2\">L&rsquo;hiver montr\u00e9alais aide r\u00e9ellement\u2014les temp\u00e9ratures plus froides prolongent la vie des fleurs. Au-del\u00e0 de cela, suivez ces \u00e9tapes :<\/p><ol class=\"marker:text-quiet list-decimal\"><li class=\"py-0 my-0 prose-p:pt-0 prose-p:mb-2 prose-p:my-0 [&amp;&gt;p]:pt-0 [&amp;&gt;p]:mb-2 [&amp;&gt;p]:my-0\"><p class=\"my-2 [&amp;+p]:mt-4 [&amp;_strong:has(+br)]:inline-block [&amp;_strong:has(+br)]:pb-2\"><strong>Coupez les tiges \u00e0 des angles de 45\u00b0<\/strong>\u00a0avant de les placer dans l&rsquo;eau\u2014augmente la surface d&rsquo;absorption d&rsquo;eau<\/p><\/li><li class=\"py-0 my-0 prose-p:pt-0 prose-p:mb-2 prose-p:my-0 [&amp;&gt;p]:pt-0 [&amp;&gt;p]:mb-2 [&amp;&gt;p]:my-0\"><p class=\"my-2 [&amp;+p]:mt-4 [&amp;_strong:has(+br)]:inline-block [&amp;_strong:has(+br)]:pb-2\"><strong>Changez l&rsquo;eau tous les 2-3 jours<\/strong>\u00a0et recoupez les tiges<\/p><\/li><li class=\"py-0 my-0 prose-p:pt-0 prose-p:mb-2 prose-p:my-0 [&amp;&gt;p]:pt-0 [&amp;&gt;p]:mb-2 [&amp;&gt;p]:my-0\"><p class=\"my-2 [&amp;+p]:mt-4 [&amp;_strong:has(+br)]:inline-block [&amp;_strong:has(+br)]:pb-2\"><strong>Retirez les feuilles inf\u00e9rieures<\/strong>\u00a0pour pr\u00e9venir la croissance bact\u00e9rienne<\/p><\/li><li class=\"py-0 my-0 prose-p:pt-0 prose-p:mb-2 prose-p:my-0 [&amp;&gt;p]:pt-0 [&amp;&gt;p]:mb-2 [&amp;&gt;p]:my-0\"><p class=\"my-2 [&amp;+p]:mt-4 [&amp;_strong:has(+br)]:inline-block [&amp;_strong:has(+br)]:pb-2\"><strong>Tenez loin des fruits et de la lumi\u00e8re directe du soleil<\/strong>\u2014ces \u00e9l\u00e9ments acc\u00e9l\u00e8rent le fl\u00e9trissement<\/p><\/li><li class=\"py-0 my-0 prose-p:pt-0 prose-p:mb-2 prose-p:my-0 [&amp;&gt;p]:pt-0 [&amp;&gt;p]:mb-2 [&amp;&gt;p]:my-0\"><p class=\"my-2 [&amp;+p]:mt-4 [&amp;_strong:has(+br)]:inline-block [&amp;_strong:has(+br)]:pb-2\"><strong>Utilisez l&rsquo;aliment pour fleurs<\/strong>\u00a0s&rsquo;il est inclus dans votre arrangement<\/p><\/li><li class=\"py-0 my-0 prose-p:pt-0 prose-p:mb-2 prose-p:my-0 [&amp;&gt;p]:pt-0 [&amp;&gt;p]:mb-2 [&amp;&gt;p]:my-0\"><p class=\"my-2 [&amp;+p]:mt-4 [&amp;_strong:has(+br)]:inline-block [&amp;_strong:has(+br)]:pb-2\"><strong>Vaporisez l\u00e9g\u00e8rement<\/strong>\u00a0avec de l&rsquo;eau quotidiennement<\/p><\/li><\/ol><p class=\"my-2 [&amp;+p]:mt-4 [&amp;_strong:has(+br)]:inline-block [&amp;_strong:has(+br)]:pb-2\">Lorsque soign\u00e9es correctement, les arrangements de Le Bouquet durent 7-10 jours, parfois plus longtemps. Les \u0153illets sont particuli\u00e8rement robustes et peuvent durer 2+ semaines.<\/p><\/div>\n\t\t\t\t<\/div>\n\t\t\t\t\t\t\t<div class=\"elementor-toggle-item\">\n\t\t\t\t\t<div id=\"elementor-tab-title-8207\" class=\"elementor-tab-title\" data-tab=\"7\" role=\"button\" aria-controls=\"elementor-tab-content-8207\" aria-expanded=\"false\">\n\t\t\t\t\t\t\t\t\t\t\t\t<span class=\"elementor-toggle-icon elementor-toggle-icon-left\" aria-hidden=\"true\">\n\t\t\t\t\t\t\t\t\t\t\t\t\t\t\t<span class=\"elementor-toggle-icon-closed\"><i class=\"fas fa-caret-right\"><\/i><\/span>\n\t\t\t\t\t\t\t\t<span class=\"elementor-toggle-icon-opened\"><i class=\"elementor-toggle-icon-opened fas fa-caret-up\"><\/i><\/span>\n\t\t\t\t\t\t\t\t\t\t\t\t\t<\/span>\n\t\t\t\t\t\t\t\t\t\t\t\t<a class=\"elementor-toggle-title\" tabindex=\"0\">Pourquoi la Saint-Valentin est-elle Plus Ch\u00e8re ?<\/a>\n\t\t\t\t\t<\/div>\n\n\t\t\t\t\t<div id=\"elementor-tab-content-8207\" class=\"elementor-tab-content elementor-clearfix\" data-tab=\"7\" role=\"region\" aria-labelledby=\"elementor-tab-title-8207\"><p class=\"my-2 [&amp;+p]:mt-4 [&amp;_strong:has(+br)]:inline-block [&amp;_strong:has(+br)]:pb-2\">Le volume et la raret\u00e9 entra\u00eenent la tarification de la Saint-Valentin. Pendant ce jour de pointe unique :<\/p><ul class=\"marker:text-quiet list-disc\"><li class=\"py-0 my-0 prose-p:pt-0 prose-p:mb-2 prose-p:my-0 [&amp;&gt;p]:pt-0 [&amp;&gt;p]:mb-2 [&amp;&gt;p]:my-0\"><p class=\"my-2 [&amp;+p]:mt-4 [&amp;_strong:has(+br)]:inline-block [&amp;_strong:has(+br)]:pb-2\">La demande augmente de 300%+ mondialement<\/p><\/li><li class=\"py-0 my-0 prose-p:pt-0 prose-p:mb-2 prose-p:my-0 [&amp;&gt;p]:pt-0 [&amp;&gt;p]:mb-2 [&amp;&gt;p]:my-0\"><p class=\"my-2 [&amp;+p]:mt-4 [&amp;_strong:has(+br)]:inline-block [&amp;_strong:has(+br)]:pb-2\">Les fermes de fleurs priorisent les commandes de Saint-Valentin sur le stock r\u00e9gulier<\/p><\/li><li class=\"py-0 my-0 prose-p:pt-0 prose-p:mb-2 prose-p:my-0 [&amp;&gt;p]:pt-0 [&amp;&gt;p]:mb-2 [&amp;&gt;p]:my-0\"><p class=\"my-2 [&amp;+p]:mt-4 [&amp;_strong:has(+br)]:inline-block [&amp;_strong:has(+br)]:pb-2\">Les fleuristes embbauchent du personnel suppl\u00e9mentaire et travaillent des heures prolong\u00e9es<\/p><\/li><li class=\"py-0 my-0 prose-p:pt-0 prose-p:mb-2 prose-p:my-0 [&amp;&gt;p]:pt-0 [&amp;&gt;p]:mb-2 [&amp;&gt;p]:my-0\"><p class=\"my-2 [&amp;+p]:mt-4 [&amp;_strong:has(+br)]:inline-block [&amp;_strong:has(+br)]:pb-2\">La logistique de livraison devient complexe (des centaines de livraisons le jour m\u00eame)<\/p><\/li><li class=\"py-0 my-0 prose-p:pt-0 prose-p:mb-2 prose-p:my-0 [&amp;&gt;p]:pt-0 [&amp;&gt;p]:mb-2 [&amp;&gt;p]:my-0\"><p class=\"my-2 [&amp;+p]:mt-4 [&amp;_strong:has(+br)]:inline-block [&amp;_strong:has(+br)]:pb-2\">Les co\u00fbts d&rsquo;importation peuvent augmenter en raison de la pression de la cha\u00eene d&rsquo;approvisionnement<\/p><\/li><\/ul><p class=\"my-2 [&amp;+p]:mt-4 [&amp;_strong:has(+br)]:inline-block [&amp;_strong:has(+br)]:pb-2\">La solution ? Commander t\u00f4t aupr\u00e8s de Le Bouquet. Les commandes pr\u00e9coces re\u00e7oivent une meilleure tarification et acc\u00e8s aux fleurs premium. Attendre jusqu&rsquo;au 12-14 f\u00e9vrier signifie payer le prix complet pour une s\u00e9lection limit\u00e9e.<\/p><\/div>\n\t\t\t\t<\/div>\n\t\t\t\t\t\t\t<div class=\"elementor-toggle-item\">\n\t\t\t\t\t<div id=\"elementor-tab-title-8208\" class=\"elementor-tab-title\" data-tab=\"8\" role=\"button\" aria-controls=\"elementor-tab-content-8208\" aria-expanded=\"false\">\n\t\t\t\t\t\t\t\t\t\t\t\t<span class=\"elementor-toggle-icon elementor-toggle-icon-left\" aria-hidden=\"true\">\n\t\t\t\t\t\t\t\t\t\t\t\t\t\t\t<span class=\"elementor-toggle-icon-closed\"><i class=\"fas fa-caret-right\"><\/i><\/span>\n\t\t\t\t\t\t\t\t<span class=\"elementor-toggle-icon-opened\"><i class=\"elementor-toggle-icon-opened fas fa-caret-up\"><\/i><\/span>\n\t\t\t\t\t\t\t\t\t\t\t\t\t<\/span>\n\t\t\t\t\t\t\t\t\t\t\t\t<a class=\"elementor-toggle-title\" tabindex=\"0\">Puis-je Commander des Fleurs pour la Livraison en Dehors de Montr\u00e9al ?<\/a>\n\t\t\t\t\t<\/div>\n\n\t\t\t\t\t<div id=\"elementor-tab-content-8208\" class=\"elementor-tab-content elementor-clearfix\" data-tab=\"8\" role=\"region\" aria-labelledby=\"elementor-tab-title-8208\"><p class=\"my-2 [&amp;+p]:mt-4 [&amp;_strong:has(+br)]:inline-block [&amp;_strong:has(+br)]:pb-2\">Le Bouquet dessert principalement Montr\u00e9al et les r\u00e9gions avoisinantes (\u00cele Perrot et Ouest-de-l&rsquo;\u00cele, Laval, Rive-Sud). Pour les livraisons plus loin, Le Bouquet peut discuter d&rsquo;options\u2014simplement appeler ou envoyer un courriel pour s&rsquo;informer sur les emplacements de livraison sp\u00e9cifiques.<\/p><ul class=\"marker:text-quiet list-disc\"><li class=\"py-0 my-0 prose-p:pt-0 prose-p:mb-2 prose-p:my-0 [&amp;&gt;p]:pt-0 [&amp;&gt;p]:mb-2 [&amp;&gt;p]:my-0\"><p class=\"my-2 [&amp;+p]:mt-4 [&amp;_strong:has(+br)]:inline-block [&amp;_strong:has(+br)]:pb-2\">\u00a0<\/p><\/li><\/ul><\/div>\n\t\t\t\t<\/div>\n\t\t\t\t\t\t\t<div class=\"elementor-toggle-item\">\n\t\t\t\t\t<div id=\"elementor-tab-title-8209\" class=\"elementor-tab-title\" data-tab=\"9\" role=\"button\" aria-controls=\"elementor-tab-content-8209\" aria-expanded=\"false\">\n\t\t\t\t\t\t\t\t\t\t\t\t<span class=\"elementor-toggle-icon elementor-toggle-icon-left\" aria-hidden=\"true\">\n\t\t\t\t\t\t\t\t\t\t\t\t\t\t\t<span class=\"elementor-toggle-icon-closed\"><i class=\"fas fa-caret-right\"><\/i><\/span>\n\t\t\t\t\t\t\t\t<span class=\"elementor-toggle-icon-opened\"><i class=\"elementor-toggle-icon-opened fas fa-caret-up\"><\/i><\/span>\n\t\t\t\t\t\t\t\t\t\t\t\t\t<\/span>\n\t\t\t\t\t\t\t\t\t\t\t\t<a class=\"elementor-toggle-title\" tabindex=\"0\">Et S'ils N'ont Pas de Vase ?<\/a>\n\t\t\t\t\t<\/div>\n\n\t\t\t\t\t<div id=\"elementor-tab-content-8209\" class=\"elementor-tab-content elementor-clearfix\" data-tab=\"9\" role=\"region\" aria-labelledby=\"elementor-tab-title-8209\"><p class=\"my-2 [&amp;+p]:mt-4 [&amp;_strong:has(+br)]:inline-block [&amp;_strong:has(+br)]:pb-2\">Demandez \u00e0 Le Bouquet au sujet de la livraison dans un vase d\u00e9j\u00e0 arrang\u00e9. La plupart des arrangements arrivent dans des contenants d\u00e9coratifs inclus avec la livraison. Alternativement :<\/p><ul class=\"marker:text-quiet list-disc\"><li class=\"py-0 my-0 prose-p:pt-0 prose-p:mb-2 prose-p:my-0 [&amp;&gt;p]:pt-0 [&amp;&gt;p]:mb-2 [&amp;&gt;p]:my-0\"><p class=\"my-2 [&amp;+p]:mt-4 [&amp;_strong:has(+br)]:inline-block [&amp;_strong:has(+br)]:pb-2\">Arrangez temporairement dans un verre d&rsquo;eau<\/p><\/li><li class=\"py-0 my-0 prose-p:pt-0 prose-p:mb-2 prose-p:my-0 [&amp;&gt;p]:pt-0 [&amp;&gt;p]:mb-2 [&amp;&gt;p]:my-0\"><p class=\"my-2 [&amp;+p]:mt-4 [&amp;_strong:has(+br)]:inline-block [&amp;_strong:has(+br)]:pb-2\">Demandez qu&rsquo;un vase simple soit ajout\u00e9 ($15-$25 CAD)<\/p><\/li><li class=\"py-0 my-0 prose-p:pt-0 prose-p:mb-2 prose-p:my-0 [&amp;&gt;p]:pt-0 [&amp;&gt;p]:mb-2 [&amp;&gt;p]:my-0\"><p class=\"my-2 [&amp;+p]:mt-4 [&amp;_strong:has(+br)]:inline-block [&amp;_strong:has(+br)]:pb-2\">Demandez \u00e0 Le Bouquet de livrer pr\u00eat \u00e0 afficher<\/p><\/li><\/ul><\/div>\n\t\t\t\t<\/div>\n\t\t\t\t\t\t\t<div class=\"elementor-toggle-item\">\n\t\t\t\t\t<div id=\"elementor-tab-title-82010\" class=\"elementor-tab-title\" data-tab=\"10\" role=\"button\" aria-controls=\"elementor-tab-content-82010\" aria-expanded=\"false\">\n\t\t\t\t\t\t\t\t\t\t\t\t<span class=\"elementor-toggle-icon elementor-toggle-icon-left\" aria-hidden=\"true\">\n\t\t\t\t\t\t\t\t\t\t\t\t\t\t\t<span class=\"elementor-toggle-icon-closed\"><i class=\"fas fa-caret-right\"><\/i><\/span>\n\t\t\t\t\t\t\t\t<span class=\"elementor-toggle-icon-opened\"><i class=\"elementor-toggle-icon-opened fas fa-caret-up\"><\/i><\/span>\n\t\t\t\t\t\t\t\t\t\t\t\t\t<\/span>\n\t\t\t\t\t\t\t\t\t\t\t\t<a class=\"elementor-toggle-title\" tabindex=\"0\">Qu'est-ce Qui Rend Le Bouquet Diff\u00e9rent ?<\/a>\n\t\t\t\t\t<\/div>\n\n\t\t\t\t\t<div id=\"elementor-tab-content-82010\" class=\"elementor-tab-content elementor-clearfix\" data-tab=\"10\" role=\"region\" aria-labelledby=\"elementor-tab-title-82010\"><p class=\"my-2 [&amp;+p]:mt-4 [&amp;_strong:has(+br)]:inline-block [&amp;_strong:has(+br)]:pb-2\">Le Bouquet est un fleuriste familial montr\u00e9alais fond\u00e9 en 1978 par Manuel et Anna Botelho co\u00efncidence, le jour de la Saint-Valentin elle-m\u00eame. Maintenant \u00e0 sa deuxi\u00e8me g\u00e9n\u00e9ration, Le Bouquet apporte 45+ ann\u00e9es d&rsquo;expertise en comprenant les relations et en cr\u00e9ant des arrangements qui expriment vraiment l&rsquo;amour.<\/p><p class=\"my-2 [&amp;+p]:mt-4 [&amp;_strong:has(+br)]:inline-block [&amp;_strong:has(+br)]:pb-2\">Contrairement aux cha\u00eenes nationales, Le Bouquet :<\/p><ul class=\"marker:text-quiet list-disc\"><li class=\"py-0 my-0 prose-p:pt-0 prose-p:mb-2 prose-p:my-0 [&amp;&gt;p]:pt-0 [&amp;&gt;p]:mb-2 [&amp;&gt;p]:my-0\"><p class=\"my-2 [&amp;+p]:mt-4 [&amp;_strong:has(+br)]:inline-block [&amp;_strong:has(+br)]:pb-2\">Conna\u00eet personnellement les quartiers montr\u00e9alais<\/p><\/li><li class=\"py-0 my-0 prose-p:pt-0 prose-p:mb-2 prose-p:my-0 [&amp;&gt;p]:pt-0 [&amp;&gt;p]:mb-2 [&amp;&gt;p]:my-0\"><p class=\"my-2 [&amp;+p]:mt-4 [&amp;_strong:has(+br)]:inline-block [&amp;_strong:has(+br)]:pb-2\">Offre une consultation t\u00e9l\u00e9phonique pour toutes les commandes<\/p><\/li><li class=\"py-0 my-0 prose-p:pt-0 prose-p:mb-2 prose-p:my-0 [&amp;&gt;p]:pt-0 [&amp;&gt;p]:mb-2 [&amp;&gt;p]:my-0\"><p class=\"my-2 [&amp;+p]:mt-4 [&amp;_strong:has(+br)]:inline-block [&amp;_strong:has(+br)]:pb-2\">Fournit une confirmation de livraison<\/p><\/li><li class=\"py-0 my-0 prose-p:pt-0 prose-p:mb-2 prose-p:my-0 [&amp;&gt;p]:pt-0 [&amp;&gt;p]:mb-2 [&amp;&gt;p]:my-0\"><p class=\"my-2 [&amp;+p]:mt-4 [&amp;_strong:has(+br)]:inline-block [&amp;_strong:has(+br)]:pb-2\">Source des fleurs fra\u00eeches des fermes du monde entier<\/p><\/li><li class=\"py-0 my-0 prose-p:pt-0 prose-p:mb-2 prose-p:my-0 [&amp;&gt;p]:pt-0 [&amp;&gt;p]:mb-2 [&amp;&gt;p]:my-0\"><p class=\"my-2 [&amp;+p]:mt-4 [&amp;_strong:has(+br)]:inline-block [&amp;_strong:has(+br)]:pb-2\">Comprend les \u00e9tapes des relations et peut guider votre s\u00e9lection<\/p><\/li><li class=\"py-0 my-0 prose-p:pt-0 prose-p:mb-2 prose-p:my-0 [&amp;&gt;p]:pt-0 [&amp;&gt;p]:mb-2 [&amp;&gt;p]:my-0\"><p class=\"my-2 [&amp;+p]:mt-4 [&amp;_strong:has(+br)]:inline-block [&amp;_strong:has(+br)]:pb-2\">Fonctionne du lundi au samedi pour prioriser le service \u00e0 la client\u00e8le<\/p><\/li><\/ul><\/div>\n\t\t\t\t<\/div>\n\t\t\t\t\t\t\t\t<\/div>\n\t\t\t\t\t\t<\/div>\n\t\t\t\t<\/div>\n\t\t\t\t\t<\/div>\n\t\t<\/div>\n\t\t\t\t\t<\/div>\n\t\t<\/section>\n\t\t\t\t<\/div>\n\t\t","protected":false},"excerpt":{"rendered":"<p>Les Meilleures Fleurs pour la Saint-Valentin \u00e0 Montr\u00e9al : Guide d&rsquo;un Fleuriste Local La sc\u00e8ne des fleurs de la Saint-Valentin \u00e0 Montr\u00e9al est vibrante, diversifi\u00e9e et id\u00e9alement positionn\u00e9e pour soutenir les artisans locaux qui comprennent l&rsquo;esprit romantique de la ville. Que vous magasiniez pour une premi\u00e8re rencontre ou que vous c\u00e9l\u00e9briez des d\u00e9cennies d&rsquo;amour, choisir [&hellip;]<\/p>\n","protected":false},"author":32273,"featured_media":122636,"comment_status":"closed","ping_status":"closed","sticky":false,"template":"","format":"standard","meta":{"_acf_changed":false,"footnotes":""},"categories":[7435],"tags":[18374,18372,18373],"class_list":["post-122510","post","type-post","status-publish","format-standard","has-post-thumbnail","hentry","category-blog-fr","tag-montreal-florist","tag-valentines-day-flowers","tag-valentines-day-guide"],"acf":[],"_links":{"self":[{"href":"https:\/\/lebouquet.brstdev.com\/fr\/wp-json\/wp\/v2\/posts\/122510","targetHints":{"allow":["GET"]}}],"collection":[{"href":"https:\/\/lebouquet.brstdev.com\/fr\/wp-json\/wp\/v2\/posts"}],"about":[{"href":"https:\/\/lebouquet.brstdev.com\/fr\/wp-json\/wp\/v2\/types\/post"}],"author":[{"embeddable":true,"href":"https:\/\/lebouquet.brstdev.com\/fr\/wp-json\/wp\/v2\/users\/32273"}],"replies":[{"embeddable":true,"href":"https:\/\/lebouquet.brstdev.com\/fr\/wp-json\/wp\/v2\/comments?post=122510"}],"version-history":[{"count":6,"href":"https:\/\/lebouquet.brstdev.com\/fr\/wp-json\/wp\/v2\/posts\/122510\/revisions"}],"predecessor-version":[{"id":122640,"href":"https:\/\/lebouquet.brstdev.com\/fr\/wp-json\/wp\/v2\/posts\/122510\/revisions\/122640"}],"wp:featuredmedia":[{"embeddable":true,"href":"https:\/\/lebouquet.brstdev.com\/fr\/wp-json\/wp\/v2\/media\/122636"}],"wp:attachment":[{"href":"https:\/\/lebouquet.brstdev.com\/fr\/wp-json\/wp\/v2\/media?parent=122510"}],"wp:term":[{"taxonomy":"category","embeddable":true,"href":"https:\/\/lebouquet.brstdev.com\/fr\/wp-json\/wp\/v2\/categories?post=122510"},{"taxonomy":"post_tag","embeddable":true,"href":"https:\/\/lebouquet.brstdev.com\/fr\/wp-json\/wp\/v2\/tags?post=122510"}],"curies":[{"name":"wp","href":"https:\/\/api.w.org\/{rel}","templated":true}]}}